{"id":102,"date":"2017-06-28T19:57:22","date_gmt":"2017-06-28T17:57:22","guid":{"rendered":"http:\/\/sidranne-artiste-peintre.fr\/?p=102"},"modified":"2017-08-31T23:17:59","modified_gmt":"2017-08-31T21:17:59","slug":"la-foire-a-portrieux","status":"publish","type":"post","link":"https:\/\/sidranne-artiste-peintre.fr\/?p=102","title":{"rendered":"La foire \u00e0 Portrieux"},"content":{"rendered":"<p><img decoding=\"async\" loading=\"lazy\" class=\"size-medium wp-image-103 aligncenter\" src=\"http:\/\/sidranne-artiste-peintre.fr\/wp-content\/uploads\/2017\/06\/scene_foire_portrieux-300x236.jpg\" alt=\"\" width=\"300\" height=\"236\" srcset=\"https:\/\/sidranne-artiste-peintre.fr\/wp-content\/uploads\/2017\/06\/scene_foire_portrieux-300x236.jpg 300w, https:\/\/sidranne-artiste-peintre.fr\/wp-content\/uploads\/2017\/06\/scene_foire_portrieux-648x510.jpg 648w, https:\/\/sidranne-artiste-peintre.fr\/wp-content\/uploads\/2017\/06\/scene_foire_portrieux-244x192.jpg 244w, https:\/\/sidranne-artiste-peintre.fr\/wp-content\/uploads\/2017\/06\/scene_foire_portrieux.jpg 749w\" sizes=\"(max-width: 300px) 100vw, 300px\" \/><\/p>\n<p><em>d&#8217;apr\u00e8s Eug\u00e8ne Boudin (1824-1898) &#8211;\u00a0Normandes\u00a0(vers 1854 &#8211; 1860) &#8211;\u00a0Pastel sur papier gris &#8211; 24 x 32 cm<br \/>\n<\/em><\/p>\n<p>Odette, Louisette, Pierrette, Yvette et Georgette sont amies d\u2019enfance. Elles ont fait connaissance dans la cour de r\u00e9cr\u00e9ation d\u00e8s le premier jour. Cela fait 75 ans\u00a0!<!--more-->Odette est la plus autoritaire, c\u2019est l\u2019a\u00een\u00e9e, c\u2019est normal\u00a0! Elle est toujours scrupuleusement \u00e0 l\u2019heure, voire en avance et lorsqu\u2019elle klaxonne devant la maison de Louisette, son impatience est sonore et indiscutable. Son amie sort alors pr\u00e9cipitamment et \u00e0 mi-chemin fait demi tour pour mieux revenir mais v\u00eatu sa coiffe bretonne bigouden. Elle est accueillie par un marmonnement incompr\u00e9hensible. D\u2019ailleurs, chacune y a eu droit\u00a0! La plus retord est Georgette. Elle adore faire enrager Odette et ses airs de meneuse de revue\u00a0! Elle a donc fait patienter la joyeuse troupe plus d\u2019un quart d\u2019heure, pr\u00e9textant un coup de fil urgent et d\u2019une haute importance, puis une migraine atroce n\u00e9cessitant une auto m\u00e9dication imm\u00e9diate, puis un soulagement de vessie aussi soudain qu\u2019indispensable. Bref, lorsque le club des cinq arrive \u00e0 la foire de Portrieux, la foule est plus que dense et les places dans le parking improvis\u00e9 pour la circonstance sont ch\u00e8res, tr\u00e8s ch\u00e8res. Tant pis, Odette se gare o\u00f9 c\u2019est interdit et d\u00e9fie quiconque de l\u2019en emp\u00eacher. Le quatuor garde le silence et suit docilement en file indienne la vieille tyrannique.<\/p>\n<p>Arriv\u00e9es sur place, c\u2019est un enchantement pour les cinq sens. Un doux m\u00e9lange de couleurs et d\u2019odeurs se c\u00f4toient. Odette, avec sa corpulence avantageuse ouvre la voie. Louisette et Pierrette, v\u00e9ritables cordons bleus sont en extase devant un \u00e9tal d\u2019ustensiles de cuisine et notamment une batterie de casseroles en cuivre \u00e0 faire p\u00e2lir les plus grands Chefs \u00e9toil\u00e9s. Yvette, la plus douce, \u00e9change avec Odette devant un troupeau de ch\u00e8vres sur la fabrication du fromage et la saumure. Quant \u00e0 Georgette la rebelle, elle s\u2019offre une d\u00e9gustation de bi\u00e8res bretonnes, son p\u00eacher mignon.<\/p>\n<p>Quelle est la premi\u00e8re \u00e0 r\u00e9clamer l\u2019heure du d\u00e9jeuner\u00a0? C\u2019est Yvette avec ses 50 kgs toute mouill\u00e9e malgr\u00e9 son 1m80\u00a0! Basketteuse\u00a0? Elle y a song\u00e9 mais son p\u00e8re s\u2019est clairement oppos\u00e9 \u00e0 tout d\u00e9part de la ville, du d\u00e9partement, de la r\u00e9gion et de surcro\u00eet pour exercer un sport masculin\u00a0? Pas question, qu\u2019elle se trouve un mari, qu\u2019elle fasse des enfants, \u00e9ventuellement un m\u00e9tier\u00a0! Les ins\u00e9parables votent pour une cr\u00eaperie. L\u2019ambiance bat son plein \u00e0 l\u2019int\u00e9rieur et les cinq femmes comptent bien participer \u00e0 la liesse g\u00e9n\u00e9rale.<\/p>\n<p>&nbsp;<\/p>\n","protected":false},"excerpt":{"rendered":"<p>d&#8217;apr\u00e8s Eug\u00e8ne Boudin (1824-1898) &#8211;\u00a0Normandes\u00a0(vers 1854 &#8211; 1860) &#8211;\u00a0Pastel sur papier gris &#8211; 24 x 32 cm Odette, Louisette, Pierrette, Yvette et Georgette sont amies d\u2019enfance. Elles ont fait connaissance dans la cour de r\u00e9cr\u00e9ation d\u00e8s le premier jour. Cela fait 75 ans\u00a0!<\/p>\n","protected":false},"author":1,"featured_media":0,"comment_status":"open","ping_status":"open","sticky":false,"template":"","format":"standard","meta":[],"categories":[9],"tags":[],"_links":{"self":[{"href":"https:\/\/sidranne-artiste-peintre.fr\/index.php?rest_route=\/wp\/v2\/posts\/102"}],"collection":[{"href":"https:\/\/sidranne-artiste-peintre.fr\/index.php?rest_route=\/wp\/v2\/posts"}],"about":[{"href":"https:\/\/sidranne-artiste-peintre.fr\/index.php?rest_route=\/wp\/v2\/types\/post"}],"author":[{"embeddable":true,"href":"https:\/\/sidranne-artiste-peintre.fr\/index.php?rest_route=\/wp\/v2\/users\/1"}],"replies":[{"embeddable":true,"href":"https:\/\/sidranne-artiste-peintre.fr\/index.php?rest_route=%2Fwp%2Fv2%2Fcomments&post=102"}],"version-history":[{"count":7,"href":"https:\/\/sidranne-artiste-peintre.fr\/index.php?rest_route=\/wp\/v2\/posts\/102\/revisions"}],"predecessor-version":[{"id":282,"href":"https:\/\/sidranne-artiste-peintre.fr\/index.php?rest_route=\/wp\/v2\/posts\/102\/revisions\/282"}],"wp:attachment":[{"href":"https:\/\/sidranne-artiste-peintre.fr\/index.php?rest_route=%2Fwp%2Fv2%2Fmedia&parent=102"}],"wp:term":[{"taxonomy":"category","embeddable":true,"href":"https:\/\/sidranne-artiste-peintre.fr\/index.php?rest_route=%2Fwp%2Fv2%2Fcategories&post=102"},{"taxonomy":"post_tag","embeddable":true,"href":"https:\/\/sidranne-artiste-peintre.fr\/index.php?rest_route=%2Fwp%2Fv2%2Ftags&post=102"}],"curies":[{"name":"wp","href":"https:\/\/api.w.org\/{rel}","templated":true}]}}