{"id":1020,"date":"2020-08-31T15:46:41","date_gmt":"2020-08-31T13:46:41","guid":{"rendered":"http:\/\/sidranne-artiste-peintre.fr\/?p=1020"},"modified":"2020-08-31T16:08:22","modified_gmt":"2020-08-31T14:08:22","slug":"berck-plage","status":"publish","type":"post","link":"https:\/\/sidranne-artiste-peintre.fr\/?p=1020","title":{"rendered":"Berck plage"},"content":{"rendered":"<p><img decoding=\"async\" loading=\"lazy\" class=\"size-medium wp-image-1021 aligncenter\" src=\"http:\/\/sidranne-artiste-peintre.fr\/wp-content\/uploads\/2020\/08\/Berck_Plage-300x232.jpg\" alt=\"\" width=\"300\" height=\"232\" srcset=\"https:\/\/sidranne-artiste-peintre.fr\/wp-content\/uploads\/2020\/08\/Berck_Plage-300x232.jpg 300w, https:\/\/sidranne-artiste-peintre.fr\/wp-content\/uploads\/2020\/08\/Berck_Plage-768x594.jpg 768w, https:\/\/sidranne-artiste-peintre.fr\/wp-content\/uploads\/2020\/08\/Berck_Plage-700x541.jpg 700w, https:\/\/sidranne-artiste-peintre.fr\/wp-content\/uploads\/2020\/08\/Berck_Plage-900x696.jpg 900w, https:\/\/sidranne-artiste-peintre.fr\/wp-content\/uploads\/2020\/08\/Berck_Plage-1280x989.jpg 1280w\" sizes=\"(max-width: 300px) 100vw, 300px\" \/><\/p>\n<p><em>Aquarelle \u2013 18 x 28 cm \u2013 Original<\/em><\/p>\n<p>Et dire que je ne connaissais pas les plages du nord \u2026<\/p>\n<p><!--more--><\/p>\n<p>Vous savez quoi\u00a0? Je serais pass\u00e9e \u00e0 c\u00f4t\u00e9 de quelque chose, d\u2019un truc incroyable, vraiment\u00a0! J\u2019insiste\u00a0! Du sable fin blanc teint\u00e9 ocre clair, une mer couleur \u2026 bon pas bleu turquoise, mais il y a de l\u2019id\u00e9e. Et aussi des kilom\u00e8tres, des kilom\u00e8tres \u00e0 parcourir le long des rouleaux qui \u00e9chouent \u00e0 mes chevilles, mes mollets, mes genoux, enfin tout d\u00e9pend jusqu\u2019o\u00f9 je m\u2019enfonce dans les vagues vers le large. Des mar\u00e9es bien marqu\u00e9es qui permettent justement d\u2019offrir cet espace immense. Les distances\u00a0? Forc\u00e9ment, m\u00eame en plein \u00e9t\u00e9, la foule n\u2019est pas aussi dense que sur la c\u00f4te d\u2019azur et c\u2019est tant mieux.<\/p>\n<p>Avec cette br\u00e8ve pr\u00e9sentation des lieux, je me demande tout de m\u00eame pourquoi autant de gens s\u2019en vont loin, tr\u00e8s loin, prennent l\u2019avion, tout \u00e7a, alors qu\u2019\u00e0 port\u00e9e main, un petit paradis leur tend les bras. L\u2019humain me surprendra toujours. Pour \u00eatre totalement honn\u00eate, moi la premi\u00e8re j\u2019ignorais l\u2019existence d\u2019un tel tr\u00e9sor. Alors, oui, la temp\u00e9rature de l\u2019eau n\u2019est pas \u00e0 28 degr\u00e9s, je vous l\u2019accorde. Mais la temp\u00e9rature ext\u00e9rieure est digne des continents du sud. Je vous l\u2019assure\u00a0!<\/p>\n<p>Et cette luminosit\u00e9, id\u00e9ale pour les photographes, bien claire, bien fra\u00eeche, bien color\u00e9e aussi. Et ce petit bateau qui tangue sur les flots imaginaires. Tenu comme \u00e7a, par un piquet en bois, enfonc\u00e9 dans le sable, parmi les estivants allong\u00e9s sur leur serviette de plage, les enfants secouant des tonnes de sable pour le plus grand d\u00e9plaisir des adultes les entourant. Depuis combien de temps est-il l\u00e0\u00a0? Personnellement, je l\u2019ignore mais il fait son petit effet, l\u00e0 tout seul, avec sa coque d\u2019un bleu vif. Mais o\u00f9 va t-il\u00a0? Que pense t-il\u00a0?<\/p>\n<p>Au loin, la ligne d\u2019horizon propose l\u2019infiniment inaccessible. Un flou irr\u00e9sistible qui touche le ciel d\u2019un bleu tourment\u00e9 de quelques nuages blancs inoffensifs. Parfois du gris, mais c\u2019est pour faire joli\u00a0! Alors que je scrute les environs, le bruit des vagues retient toute mon attention et m\u2019emm\u00e8ne vers un doux sentiment de paix et de libert\u00e9. Une recherche int\u00e9rieure enfin \u00e0 ma port\u00e9e qui se pr\u00e9sente \u00e0 moi tout simplement. Quel bien \u00eatre insoup\u00e7onn\u00e9 je ressens \u00e0 cet instant pr\u00e9cis. J\u2019aimerais fixer pour toujours cette sensation dans mes souvenirs heureux &#8230;<\/p>\n<p>Et dire que je ne connaissais pas les plages du nord \u2026<\/p>\n<p>&nbsp;<\/p>\n","protected":false},"excerpt":{"rendered":"<p>Aquarelle \u2013 18 x 28 cm \u2013 Original Et dire que je ne connaissais pas les plages du nord \u2026<\/p>\n","protected":false},"author":1,"featured_media":0,"comment_status":"open","ping_status":"open","sticky":false,"template":"","format":"standard","meta":[],"categories":[8],"tags":[],"_links":{"self":[{"href":"https:\/\/sidranne-artiste-peintre.fr\/index.php?rest_route=\/wp\/v2\/posts\/1020"}],"collection":[{"href":"https:\/\/sidranne-artiste-peintre.fr\/index.php?rest_route=\/wp\/v2\/posts"}],"about":[{"href":"https:\/\/sidranne-artiste-peintre.fr\/index.php?rest_route=\/wp\/v2\/types\/post"}],"author":[{"embeddable":true,"href":"https:\/\/sidranne-artiste-peintre.fr\/index.php?rest_route=\/wp\/v2\/users\/1"}],"replies":[{"embeddable":true,"href":"https:\/\/sidranne-artiste-peintre.fr\/index.php?rest_route=%2Fwp%2Fv2%2Fcomments&post=1020"}],"version-history":[{"count":2,"href":"https:\/\/sidranne-artiste-peintre.fr\/index.php?rest_route=\/wp\/v2\/posts\/1020\/revisions"}],"predecessor-version":[{"id":1039,"href":"https:\/\/sidranne-artiste-peintre.fr\/index.php?rest_route=\/wp\/v2\/posts\/1020\/revisions\/1039"}],"wp:attachment":[{"href":"https:\/\/sidranne-artiste-peintre.fr\/index.php?rest_route=%2Fwp%2Fv2%2Fmedia&parent=1020"}],"wp:term":[{"taxonomy":"category","embeddable":true,"href":"https:\/\/sidranne-artiste-peintre.fr\/index.php?rest_route=%2Fwp%2Fv2%2Fcategories&post=1020"},{"taxonomy":"post_tag","embeddable":true,"href":"https:\/\/sidranne-artiste-peintre.fr\/index.php?rest_route=%2Fwp%2Fv2%2Ftags&post=1020"}],"curies":[{"name":"wp","href":"https:\/\/api.w.org\/{rel}","templated":true}]}}