{"id":1023,"date":"2020-08-31T15:50:27","date_gmt":"2020-08-31T13:50:27","guid":{"rendered":"http:\/\/sidranne-artiste-peintre.fr\/?p=1023"},"modified":"2020-09-02T18:56:57","modified_gmt":"2020-09-02T16:56:57","slug":"comme-un-ouragan","status":"publish","type":"post","link":"https:\/\/sidranne-artiste-peintre.fr\/?p=1023","title":{"rendered":"Comme un ouragan"},"content":{"rendered":"<p><img decoding=\"async\" loading=\"lazy\" class=\"size-medium wp-image-1055 aligncenter\" src=\"http:\/\/sidranne-artiste-peintre.fr\/wp-content\/uploads\/2020\/08\/comme_un_ouragan-235x300.jpg\" alt=\"\" width=\"235\" height=\"300\" srcset=\"https:\/\/sidranne-artiste-peintre.fr\/wp-content\/uploads\/2020\/08\/comme_un_ouragan-235x300.jpg 235w, https:\/\/sidranne-artiste-peintre.fr\/wp-content\/uploads\/2020\/08\/comme_un_ouragan-768x979.jpg 768w, https:\/\/sidranne-artiste-peintre.fr\/wp-content\/uploads\/2020\/08\/comme_un_ouragan-700x892.jpg 700w, https:\/\/sidranne-artiste-peintre.fr\/wp-content\/uploads\/2020\/08\/comme_un_ouragan-900x1147.jpg 900w, https:\/\/sidranne-artiste-peintre.fr\/wp-content\/uploads\/2020\/08\/comme_un_ouragan-1280x1632.jpg 1280w\" sizes=\"(max-width: 235px) 100vw, 235px\" \/><\/p>\n<p><em>Aquarelle \u2013 28 x 18,5 cm \u2013 Original<\/em><\/p>\n<p>Tu vas o\u00f9 cette ann\u00e9e en vacances d\u2019\u00e9t\u00e9\u00a0? Moi\u00a0? Je vais dans la maison familiale au Touquet. Ah et c\u2019est o\u00f9\u00a0? Dans le nord\u00a0? Mais tu vas geler \u2026<\/p>\n<p><!--more--><\/p>\n<p>Et non, pire \u2026 Yvonne, oui pas de chance, elle a h\u00e9rit\u00e9 du pr\u00e9nom de sa grand-m\u00e8re, se croit bien \u00e0 l\u2019abri dans cette grande maison \u00e0 colombage aux couleurs vives turquoises et bois sombre. Elle est toute seule, dans le grand salon du bas, elle lit un livre <i>Le bal des folles<\/i> de Victoria Mas. Elle est tellement concentr\u00e9e sur les pages de ce roman qui la passionne, vraiment, qu\u2019elle ne pr\u00eate pas attention au vent dehors qui s\u2019est lev\u00e9 de mani\u00e8re plut\u00f4t inqui\u00e9tante. Elle n\u2019a pas non plus entendu son t\u00e9l\u00e9phone portable sonner en boucle parce que laiss\u00e9 sur la table de la cuisine et en mode silencieux. Parce qu\u2019elle ne voulait \u00eatre d\u00e9rang\u00e9e sous aucun pr\u00e9texte.<\/p>\n<p>Ce n\u2019est qu\u2019en se levant finalement pour se faire un th\u00e9 qu\u2019Yvonne se doute de quelque chose qui cloche, mais vraiment. Elle met de l\u2019eau dans la bouilloire et la d\u00e9pose sur la plaque \u00e9lectrique. Elle jette un \u0153il distrait dehors par la fen\u00eatre qui donne sur la rue et \u2026 les arbres et arbustes bougent dans tous les sens. La pluie a pris le relai quelques secondes plus tard. Elle se fracasse en grosses gouttes sur la vitre. Le vent fait un bruit sourd et inqui\u00e9tant. Il \u00e9touffe le sifflement de la bouilloire qui n\u2019en peut plus d\u2019alerter en vain que l\u2019eau est chaude, tr\u00e8s chaude m\u00eame maintenant. La jeune fille consulte alors son t\u00e9l\u00e9phone et pousse un cri d\u2019effroi. Une cinquantaine d\u2019appels en absence pour autant de textos et de messages vocaux. Sa maman, visiblement morte d\u2019inqui\u00e9tude.<\/p>\n<p>Elle la rappelle dans la foul\u00e9e pour la rassurer tout d\u2019abord et ensuite pour \u2026 Plus aucun doute, ce n\u2019est plus juste un peu de pluie de vent et de pluie, c\u2019est carr\u00e9ment une temp\u00eate. Que faire\u00a0? O\u00f9 aller\u00a0? Yvonne est prise de panique. Elle raccroche et appelle les pompiers. Forc\u00e9ment, \u00e7a n\u2019aboutit nulle part. Tout le monde a eu la m\u00eame id\u00e9e. Elle tente d\u2019ouvrir la porte d\u2019entr\u00e9e mais un appel d\u2019air d\u2019une violence inou\u00efe lui fait changer d\u2019avis instantan\u00e9ment. Elle d\u00e9cide alors de demeurer dans le salon et d\u2019attendre que \u00e7a passe. La maison la prot\u00e9gera, forc\u00e9ment\u00a0!<\/p>\n<p>Comme un ouragan \u2026<\/p>\n<p>&nbsp;<\/p>\n","protected":false},"excerpt":{"rendered":"<p>Aquarelle \u2013 28 x 18,5 cm \u2013 Original Tu vas o\u00f9 cette ann\u00e9e en vacances d\u2019\u00e9t\u00e9\u00a0? Moi\u00a0? Je vais dans la maison familiale au Touquet. Ah et c\u2019est o\u00f9\u00a0? Dans le nord\u00a0? Mais tu vas geler \u2026<\/p>\n","protected":false},"author":1,"featured_media":0,"comment_status":"open","ping_status":"open","sticky":false,"template":"","format":"standard","meta":[],"categories":[12],"tags":[],"_links":{"self":[{"href":"https:\/\/sidranne-artiste-peintre.fr\/index.php?rest_route=\/wp\/v2\/posts\/1023"}],"collection":[{"href":"https:\/\/sidranne-artiste-peintre.fr\/index.php?rest_route=\/wp\/v2\/posts"}],"about":[{"href":"https:\/\/sidranne-artiste-peintre.fr\/index.php?rest_route=\/wp\/v2\/types\/post"}],"author":[{"embeddable":true,"href":"https:\/\/sidranne-artiste-peintre.fr\/index.php?rest_route=\/wp\/v2\/users\/1"}],"replies":[{"embeddable":true,"href":"https:\/\/sidranne-artiste-peintre.fr\/index.php?rest_route=%2Fwp%2Fv2%2Fcomments&post=1023"}],"version-history":[{"count":4,"href":"https:\/\/sidranne-artiste-peintre.fr\/index.php?rest_route=\/wp\/v2\/posts\/1023\/revisions"}],"predecessor-version":[{"id":1056,"href":"https:\/\/sidranne-artiste-peintre.fr\/index.php?rest_route=\/wp\/v2\/posts\/1023\/revisions\/1056"}],"wp:attachment":[{"href":"https:\/\/sidranne-artiste-peintre.fr\/index.php?rest_route=%2Fwp%2Fv2%2Fmedia&parent=1023"}],"wp:term":[{"taxonomy":"category","embeddable":true,"href":"https:\/\/sidranne-artiste-peintre.fr\/index.php?rest_route=%2Fwp%2Fv2%2Fcategories&post=1023"},{"taxonomy":"post_tag","embeddable":true,"href":"https:\/\/sidranne-artiste-peintre.fr\/index.php?rest_route=%2Fwp%2Fv2%2Ftags&post=1023"}],"curies":[{"name":"wp","href":"https:\/\/api.w.org\/{rel}","templated":true}]}}