{"id":1029,"date":"2020-08-31T15:56:23","date_gmt":"2020-08-31T13:56:23","guid":{"rendered":"http:\/\/sidranne-artiste-peintre.fr\/?p=1029"},"modified":"2020-09-02T18:50:57","modified_gmt":"2020-09-02T16:50:57","slug":"montreuil-sur-mer","status":"publish","type":"post","link":"https:\/\/sidranne-artiste-peintre.fr\/?p=1029","title":{"rendered":"Montreuil-sur-Mer"},"content":{"rendered":"<p>&nbsp;<\/p>\n<p><img decoding=\"async\" loading=\"lazy\" class=\"size-medium wp-image-1048 aligncenter\" src=\"http:\/\/sidranne-artiste-peintre.fr\/wp-content\/uploads\/2020\/08\/montreuil_sur_mer-300x230.jpg\" alt=\"\" width=\"300\" height=\"230\" srcset=\"https:\/\/sidranne-artiste-peintre.fr\/wp-content\/uploads\/2020\/08\/montreuil_sur_mer-300x230.jpg 300w, https:\/\/sidranne-artiste-peintre.fr\/wp-content\/uploads\/2020\/08\/montreuil_sur_mer-768x590.jpg 768w, https:\/\/sidranne-artiste-peintre.fr\/wp-content\/uploads\/2020\/08\/montreuil_sur_mer-700x538.jpg 700w, https:\/\/sidranne-artiste-peintre.fr\/wp-content\/uploads\/2020\/08\/montreuil_sur_mer-900x691.jpg 900w, https:\/\/sidranne-artiste-peintre.fr\/wp-content\/uploads\/2020\/08\/montreuil_sur_mer-1280x983.jpg 1280w\" sizes=\"(max-width: 300px) 100vw, 300px\" \/><\/p>\n<p><em>Aquarelle \u2013 18,5 x 28 cm \u2013 Original<\/em><\/p>\n<p>Au IXe si\u00e8cle, le ch\u00e2teau de Montreuil est la principale forteresse de la r\u00e9gion.<\/p>\n<p><!--more--><\/p>\n<p>La ville doit son nom \u00e0 un \u00ab\u00a0petit monast\u00e8re\u00a0\u00bb (<i>monasterolium<\/i>). En effet, apr\u00e8s 913, les moines de Land\u00e9vennec l\u2019habitent apr\u00e8s la destruction de leur monast\u00e8re par les Vikings et cr\u00e9ent l\u2019abbaye Saint-Walloy.<\/p>\n<p>En 980, Montreuil est rattach\u00e9e au domaine royal. En 988, gr\u00e2ce \u00e0 Hugues Capet, Montreuil devient le seul port de mer de la monarchie fran\u00e7aise.<\/p>\n<p>Les nombreux \u00e9difices religieux et les reliques attirent un nombre impressionnant de p\u00e8lerins. La ville est renomm\u00e9e pour la fabrication de ses draps. Mais en cette p\u00e9riode du XVe si\u00e8cle, deux terribles \u00e9v\u00e9nements ternissent \u00e0 jamais sa splendeur\u00a0: l\u2019effondrement de plusieurs lieux de culte et l\u2019ensablement de la Canche. Le commerce maritime d\u00e9cline alors.<\/p>\n<p>Un si\u00e8cle plus tard, en juin 1537 les troupes de Charles Quint et d\u2019Henri VIII encerclent Montreuil et d\u00e9truisent une grande partie de la ville. Puis, en 1596, la peste frappe ce qu\u2019il reste de ses habitants.<\/p>\n<p>En 1567, Charles IX \u00e9difie une citadelle en lieu et place de l\u2019ancien ch\u00e2teau du XIIIe si\u00e8cle. Vauban y ajoute un magasin \u00e0 poudre et un arsenal.<\/p>\n<p>Au XVIIIe\u00a0si\u00e8cle, de nombreux h\u00f4tels particuliers naissent dans la ville prosp\u00e8re d\u00e9sormais.<\/p>\n<p><a name=\"cite_ref-15\"><\/a><a name=\"cite_ref-16\"><\/a>Au XIXe\u00a0si\u00e8cle, une partie des bas-remparts est d\u00e9truite pour laisser place \u00e0 la ligne de chemin de fer Arras-Etaples mise en service le 5 ao\u00fbt 1878.<\/p>\n<p>Pendant la Premi\u00e8re Guerre mondiale, Montreuil accueille en son sein le grand quartier g\u00e9n\u00e9ral britannique sous le commandement du mar\u00e9chal Douglas Haig.<\/p>\n<p>Montreuil c\u2019est aussi l\u00e0 o\u00f9 se situe la premi\u00e8re partie du roman de Victor Hugo <i>Les Mis\u00e9rables<\/i>. Jean Valjean, y poss\u00e8de une grande usine qui a fait la prosp\u00e9rit\u00e9 de la ville dont il est devenu le maire. C\u2019est dans cette ville que le conflit entre Jean Valjean et Javert s\u2019exprime essentiellement. Enfin, Montreuil est aussi la ville natale de Fantine, la m\u00e8re de Cosette.<\/p>\n<p>Et tout en parcourant le tour de la ville sur les remparts je me rem\u00e9more ces quelques faits d\u2019histoire qui ont marqu\u00e9 ce sol dor\u00e9navant en paix mais envahi de visiteurs, comme moi, curieux et attir\u00e9s par des endroits riches en rebondissements. C\u2019est comme si les petits bonheurs et grands malheurs \u00e9taient encore palpables aujourd\u2019hui. Comme s\u2019il r\u00e9gnait dans l\u2019air, dans l\u2019\u00e9nergie du temps un quelque chose pourtant invisible, impalpable qui demeure, qui respire et qui guette le souvenir \u2026<\/p>\n<p>&nbsp;<\/p>\n","protected":false},"excerpt":{"rendered":"<p>&nbsp; Aquarelle \u2013 18,5 x 28 cm \u2013 Original Au IXe si\u00e8cle, le ch\u00e2teau de Montreuil est la principale forteresse de la r\u00e9gion.<\/p>\n","protected":false},"author":1,"featured_media":0,"comment_status":"open","ping_status":"open","sticky":false,"template":"","format":"standard","meta":[],"categories":[12],"tags":[],"_links":{"self":[{"href":"https:\/\/sidranne-artiste-peintre.fr\/index.php?rest_route=\/wp\/v2\/posts\/1029"}],"collection":[{"href":"https:\/\/sidranne-artiste-peintre.fr\/index.php?rest_route=\/wp\/v2\/posts"}],"about":[{"href":"https:\/\/sidranne-artiste-peintre.fr\/index.php?rest_route=\/wp\/v2\/types\/post"}],"author":[{"embeddable":true,"href":"https:\/\/sidranne-artiste-peintre.fr\/index.php?rest_route=\/wp\/v2\/users\/1"}],"replies":[{"embeddable":true,"href":"https:\/\/sidranne-artiste-peintre.fr\/index.php?rest_route=%2Fwp%2Fv2%2Fcomments&post=1029"}],"version-history":[{"count":4,"href":"https:\/\/sidranne-artiste-peintre.fr\/index.php?rest_route=\/wp\/v2\/posts\/1029\/revisions"}],"predecessor-version":[{"id":1049,"href":"https:\/\/sidranne-artiste-peintre.fr\/index.php?rest_route=\/wp\/v2\/posts\/1029\/revisions\/1049"}],"wp:attachment":[{"href":"https:\/\/sidranne-artiste-peintre.fr\/index.php?rest_route=%2Fwp%2Fv2%2Fmedia&parent=1029"}],"wp:term":[{"taxonomy":"category","embeddable":true,"href":"https:\/\/sidranne-artiste-peintre.fr\/index.php?rest_route=%2Fwp%2Fv2%2Fcategories&post=1029"},{"taxonomy":"post_tag","embeddable":true,"href":"https:\/\/sidranne-artiste-peintre.fr\/index.php?rest_route=%2Fwp%2Fv2%2Ftags&post=1029"}],"curies":[{"name":"wp","href":"https:\/\/api.w.org\/{rel}","templated":true}]}}