{"id":1084,"date":"2020-09-18T18:34:12","date_gmt":"2020-09-18T16:34:12","guid":{"rendered":"http:\/\/sidranne-artiste-peintre.fr\/?p=1084"},"modified":"2020-09-18T18:34:12","modified_gmt":"2020-09-18T16:34:12","slug":"expo-metro-paris-2020-chaussee-dantin-la-fayette-du-15-au-28-septembre-2020","status":"publish","type":"post","link":"https:\/\/sidranne-artiste-peintre.fr\/?p=1084","title":{"rendered":"Expo M\u00e9tro Paris 2020 Chauss\u00e9e d&#8217;Antin La Fayette (du 15 au 28 septembre 2020)"},"content":{"rendered":"<p><img decoding=\"async\" loading=\"lazy\" class=\"size-medium wp-image-1085 aligncenter\" src=\"http:\/\/sidranne-artiste-peintre.fr\/wp-content\/uploads\/2020\/09\/expo_metro_paris_2-225x300.jpg\" alt=\"\" width=\"225\" height=\"300\" srcset=\"https:\/\/sidranne-artiste-peintre.fr\/wp-content\/uploads\/2020\/09\/expo_metro_paris_2-225x300.jpg 225w, https:\/\/sidranne-artiste-peintre.fr\/wp-content\/uploads\/2020\/09\/expo_metro_paris_2-768x1024.jpg 768w, https:\/\/sidranne-artiste-peintre.fr\/wp-content\/uploads\/2020\/09\/expo_metro_paris_2-700x933.jpg 700w, https:\/\/sidranne-artiste-peintre.fr\/wp-content\/uploads\/2020\/09\/expo_metro_paris_2-900x1200.jpg 900w, https:\/\/sidranne-artiste-peintre.fr\/wp-content\/uploads\/2020\/09\/expo_metro_paris_2-1280x1707.jpg 1280w, https:\/\/sidranne-artiste-peintre.fr\/wp-content\/uploads\/2020\/09\/expo_metro_paris_2.jpg 1512w\" sizes=\"(max-width: 225px) 100vw, 225px\" \/><\/p>\n<p><!--more--><\/p>\n<p>Expo M\u00e9tro organise des expositions d&#8217;art publiques interactives sur des affiches g\u00e9antes dans le m\u00e9tro, visibles par des millions de personnes \u00e0 travers le monde. Du 15 au 28 septembre 2020, Expo M\u00e9tro s&#8217;installe \u00e0 la station Chauss\u00e9e d&#8217;Antin La Fayette.<\/p>\n<p><span class=\"oi732d6d ik7dh3pa d2edcug0 hpfvmrgz qv66sw1b c1et5uql a8c37x1j keod5gw0 nxhoafnm aigsh9s9 d9wwppkn fe6kdd0r mau55g9w c8b282yb hrzyx87i jq4qci2q a3bd9o3v knj5qynh oo9gr5id hzawbc8m\" dir=\"auto\">Sidranne expose son chat pr\u00e9f\u00e9r\u00e9, Charly !<br \/>\n<\/span><\/p>\n<p><img decoding=\"async\" loading=\"lazy\" class=\"alignnone size-medium wp-image-666\" src=\"http:\/\/sidranne-artiste-peintre.fr\/wp-content\/uploads\/2018\/11\/charly-300x245.jpg\" alt=\"\" width=\"300\" height=\"245\" srcset=\"https:\/\/sidranne-artiste-peintre.fr\/wp-content\/uploads\/2018\/11\/charly-300x245.jpg 300w, https:\/\/sidranne-artiste-peintre.fr\/wp-content\/uploads\/2018\/11\/charly-700x571.jpg 700w, https:\/\/sidranne-artiste-peintre.fr\/wp-content\/uploads\/2018\/11\/charly.jpg 727w\" sizes=\"(max-width: 300px) 100vw, 300px\" \/><\/p>\n<p>&nbsp;<\/p>\n","protected":false},"excerpt":{"rendered":"","protected":false},"author":1,"featured_media":0,"comment_status":"open","ping_status":"open","sticky":false,"template":"","format":"standard","meta":[],"categories":[14],"tags":[],"_links":{"self":[{"href":"https:\/\/sidranne-artiste-peintre.fr\/index.php?rest_route=\/wp\/v2\/posts\/1084"}],"collection":[{"href":"https:\/\/sidranne-artiste-peintre.fr\/index.php?rest_route=\/wp\/v2\/posts"}],"about":[{"href":"https:\/\/sidranne-artiste-peintre.fr\/index.php?rest_route=\/wp\/v2\/types\/post"}],"author":[{"embeddable":true,"href":"https:\/\/sidranne-artiste-peintre.fr\/index.php?rest_route=\/wp\/v2\/users\/1"}],"replies":[{"embeddable":true,"href":"https:\/\/sidranne-artiste-peintre.fr\/index.php?rest_route=%2Fwp%2Fv2%2Fcomments&post=1084"}],"version-history":[{"count":1,"href":"https:\/\/sidranne-artiste-peintre.fr\/index.php?rest_route=\/wp\/v2\/posts\/1084\/revisions"}],"predecessor-version":[{"id":1086,"href":"https:\/\/sidranne-artiste-peintre.fr\/index.php?rest_route=\/wp\/v2\/posts\/1084\/revisions\/1086"}],"wp:attachment":[{"href":"https:\/\/sidranne-artiste-peintre.fr\/index.php?rest_route=%2Fwp%2Fv2%2Fmedia&parent=1084"}],"wp:term":[{"taxonomy":"category","embeddable":true,"href":"https:\/\/sidranne-artiste-peintre.fr\/index.php?rest_route=%2Fwp%2Fv2%2Fcategories&post=1084"},{"taxonomy":"post_tag","embeddable":true,"href":"https:\/\/sidranne-artiste-peintre.fr\/index.php?rest_route=%2Fwp%2Fv2%2Ftags&post=1084"}],"curies":[{"name":"wp","href":"https:\/\/api.w.org\/{rel}","templated":true}]}}