{"id":1120,"date":"2021-06-30T17:51:22","date_gmt":"2021-06-30T15:51:22","guid":{"rendered":"http:\/\/sidranne-artiste-peintre.fr\/?p=1120"},"modified":"2021-07-02T19:36:06","modified_gmt":"2021-07-02T17:36:06","slug":"expo-metro-monaco-2021-du-29-juin-au-5-juillet-2021","status":"publish","type":"post","link":"https:\/\/sidranne-artiste-peintre.fr\/?p=1120","title":{"rendered":"Expo M\u00e9tro Monaco 2021 (du 29 juin au 5 juillet 2021)"},"content":{"rendered":"<p><img decoding=\"async\" loading=\"lazy\" class=\"size-medium wp-image-1123 aligncenter\" src=\"http:\/\/sidranne-artiste-peintre.fr\/wp-content\/uploads\/2021\/06\/expo_metro_site-1-300x242.jpg\" alt=\"\" width=\"300\" height=\"242\" srcset=\"https:\/\/sidranne-artiste-peintre.fr\/wp-content\/uploads\/2021\/06\/expo_metro_site-1-300x242.jpg 300w, https:\/\/sidranne-artiste-peintre.fr\/wp-content\/uploads\/2021\/06\/expo_metro_site-1-768x621.jpg 768w, https:\/\/sidranne-artiste-peintre.fr\/wp-content\/uploads\/2021\/06\/expo_metro_site-1-700x566.jpg 700w, https:\/\/sidranne-artiste-peintre.fr\/wp-content\/uploads\/2021\/06\/expo_metro_site-1-900x727.jpg 900w, https:\/\/sidranne-artiste-peintre.fr\/wp-content\/uploads\/2021\/06\/expo_metro_site-1.jpg 1079w\" sizes=\"(max-width: 300px) 100vw, 300px\" \/><\/p>\n<p><!--more--><\/p>\n<p>Expo M\u00e9tro organise des expositions d\u2019art publiques interactives sur des affiches g\u00e9antes, visibles par des millions de personnes \u00e0 travers le monde. Du 29 juin au 5 juillet 2021, Expo M\u00e9tro s\u2019installe dans les rues de la Principaut\u00e9 de Monaco.<\/p>\n<p><span class=\"oi732d6d ik7dh3pa d2edcug0 hpfvmrgz qv66sw1b c1et5uql a8c37x1j keod5gw0 nxhoafnm aigsh9s9 d9wwppkn fe6kdd0r mau55g9w c8b282yb hrzyx87i jq4qci2q a3bd9o3v knj5qynh oo9gr5id hzawbc8m\" dir=\"auto\">Sidranne expose La baie de Cannes !<\/span><\/p>\n<p><img decoding=\"async\" loading=\"lazy\" class=\"alignnone size-medium wp-image-869\" src=\"http:\/\/sidranne-artiste-peintre.fr\/wp-content\/uploads\/2020\/08\/baie_cannes-300x229.jpg\" alt=\"\" width=\"300\" height=\"229\" srcset=\"https:\/\/sidranne-artiste-peintre.fr\/wp-content\/uploads\/2020\/08\/baie_cannes-300x229.jpg 300w, https:\/\/sidranne-artiste-peintre.fr\/wp-content\/uploads\/2020\/08\/baie_cannes-768x587.jpg 768w, https:\/\/sidranne-artiste-peintre.fr\/wp-content\/uploads\/2020\/08\/baie_cannes-700x535.jpg 700w, https:\/\/sidranne-artiste-peintre.fr\/wp-content\/uploads\/2020\/08\/baie_cannes-900x688.jpg 900w, https:\/\/sidranne-artiste-peintre.fr\/wp-content\/uploads\/2020\/08\/baie_cannes-1280x978.jpg 1280w\" sizes=\"(max-width: 300px) 100vw, 300px\" \/><\/p>\n<p>&nbsp;<\/p>\n","protected":false},"excerpt":{"rendered":"","protected":false},"author":1,"featured_media":0,"comment_status":"open","ping_status":"open","sticky":false,"template":"","format":"standard","meta":[],"categories":[14],"tags":[],"_links":{"self":[{"href":"https:\/\/sidranne-artiste-peintre.fr\/index.php?rest_route=\/wp\/v2\/posts\/1120"}],"collection":[{"href":"https:\/\/sidranne-artiste-peintre.fr\/index.php?rest_route=\/wp\/v2\/posts"}],"about":[{"href":"https:\/\/sidranne-artiste-peintre.fr\/index.php?rest_route=\/wp\/v2\/types\/post"}],"author":[{"embeddable":true,"href":"https:\/\/sidranne-artiste-peintre.fr\/index.php?rest_route=\/wp\/v2\/users\/1"}],"replies":[{"embeddable":true,"href":"https:\/\/sidranne-artiste-peintre.fr\/index.php?rest_route=%2Fwp%2Fv2%2Fcomments&post=1120"}],"version-history":[{"count":2,"href":"https:\/\/sidranne-artiste-peintre.fr\/index.php?rest_route=\/wp\/v2\/posts\/1120\/revisions"}],"predecessor-version":[{"id":1124,"href":"https:\/\/sidranne-artiste-peintre.fr\/index.php?rest_route=\/wp\/v2\/posts\/1120\/revisions\/1124"}],"wp:attachment":[{"href":"https:\/\/sidranne-artiste-peintre.fr\/index.php?rest_route=%2Fwp%2Fv2%2Fmedia&parent=1120"}],"wp:term":[{"taxonomy":"category","embeddable":true,"href":"https:\/\/sidranne-artiste-peintre.fr\/index.php?rest_route=%2Fwp%2Fv2%2Fcategories&post=1120"},{"taxonomy":"post_tag","embeddable":true,"href":"https:\/\/sidranne-artiste-peintre.fr\/index.php?rest_route=%2Fwp%2Fv2%2Ftags&post=1120"}],"curies":[{"name":"wp","href":"https:\/\/api.w.org\/{rel}","templated":true}]}}