{"id":1162,"date":"2021-09-14T19:18:43","date_gmt":"2021-09-14T17:18:43","guid":{"rendered":"http:\/\/sidranne-artiste-peintre.fr\/?p=1162"},"modified":"2021-09-14T19:18:43","modified_gmt":"2021-09-14T17:18:43","slug":"salon-international-dart-contemporain-art3f-paris-du-10-au-12-septembre-2021","status":"publish","type":"post","link":"https:\/\/sidranne-artiste-peintre.fr\/?p=1162","title":{"rendered":"Salon international d\u2019art contemporain Art3f Paris (du 10 au 12 septembre 2021)"},"content":{"rendered":"<p><img decoding=\"async\" loading=\"lazy\" class=\"size-medium wp-image-1164 aligncenter\" src=\"http:\/\/sidranne-artiste-peintre.fr\/wp-content\/uploads\/2021\/09\/expo_Paris-225x300.jpg\" alt=\"\" width=\"225\" height=\"300\" srcset=\"https:\/\/sidranne-artiste-peintre.fr\/wp-content\/uploads\/2021\/09\/expo_Paris-225x300.jpg 225w, https:\/\/sidranne-artiste-peintre.fr\/wp-content\/uploads\/2021\/09\/expo_Paris.jpg 461w\" sizes=\"(max-width: 225px) 100vw, 225px\" \/><\/p>\n<p>Sidranne a eu la chance d&#8217;exposer avec Art3f quelques 25 toiles en huile sur toile ou bois sur les th\u00e8mes aussi vari\u00e9s que la nature morte, les fleurs, les animaux, No\u00ebl dans un site exceptionnel, Porte de Versailles \u00e0 Paris.<\/p>\n<p><!--more--><\/p>\n<p>Vous avez pu d\u00e9couvrir :<\/p>\n<p><img decoding=\"async\" loading=\"lazy\" class=\"alignnone size-medium wp-image-1158\" src=\"http:\/\/sidranne-artiste-peintre.fr\/wp-content\/uploads\/2018\/12\/dorothee-300x224.jpg\" alt=\"\" width=\"300\" height=\"224\" srcset=\"https:\/\/sidranne-artiste-peintre.fr\/wp-content\/uploads\/2018\/12\/dorothee-300x224.jpg 300w, https:\/\/sidranne-artiste-peintre.fr\/wp-content\/uploads\/2018\/12\/dorothee-768x573.jpg 768w, https:\/\/sidranne-artiste-peintre.fr\/wp-content\/uploads\/2018\/12\/dorothee-700x523.jpg 700w, https:\/\/sidranne-artiste-peintre.fr\/wp-content\/uploads\/2018\/12\/dorothee-900x672.jpg 900w, https:\/\/sidranne-artiste-peintre.fr\/wp-content\/uploads\/2018\/12\/dorothee-1280x956.jpg 1280w\" sizes=\"(max-width: 300px) 100vw, 300px\" \/><\/p>\n<p>Doroth\u00e9e &#8211; Huile sur bois &#8211; 54 x 72 cm<\/p>\n<p><img decoding=\"async\" loading=\"lazy\" class=\"alignnone size-medium wp-image-1097\" src=\"http:\/\/sidranne-artiste-peintre.fr\/wp-content\/uploads\/2021\/01\/Rosalie-300x232.jpg\" alt=\"\" width=\"300\" height=\"232\" srcset=\"https:\/\/sidranne-artiste-peintre.fr\/wp-content\/uploads\/2021\/01\/Rosalie-300x232.jpg 300w, https:\/\/sidranne-artiste-peintre.fr\/wp-content\/uploads\/2021\/01\/Rosalie-768x594.jpg 768w, https:\/\/sidranne-artiste-peintre.fr\/wp-content\/uploads\/2021\/01\/Rosalie-700x542.jpg 700w, https:\/\/sidranne-artiste-peintre.fr\/wp-content\/uploads\/2021\/01\/Rosalie-900x696.jpg 900w, https:\/\/sidranne-artiste-peintre.fr\/wp-content\/uploads\/2021\/01\/Rosalie-1280x990.jpg 1280w\" sizes=\"(max-width: 300px) 100vw, 300px\" \/><\/p>\n<p>Rosalie &#8211; Huile sur toile &#8211; 30 x 40 cm<\/p>\n<p><img decoding=\"async\" loading=\"lazy\" class=\"alignnone size-medium wp-image-973\" src=\"http:\/\/sidranne-artiste-peintre.fr\/wp-content\/uploads\/2020\/08\/pere_noel-300x248.jpg\" alt=\"\" width=\"300\" height=\"248\" srcset=\"https:\/\/sidranne-artiste-peintre.fr\/wp-content\/uploads\/2020\/08\/pere_noel-300x248.jpg 300w, https:\/\/sidranne-artiste-peintre.fr\/wp-content\/uploads\/2020\/08\/pere_noel-768x636.jpg 768w, https:\/\/sidranne-artiste-peintre.fr\/wp-content\/uploads\/2020\/08\/pere_noel-700x580.jpg 700w, https:\/\/sidranne-artiste-peintre.fr\/wp-content\/uploads\/2020\/08\/pere_noel-900x745.jpg 900w, https:\/\/sidranne-artiste-peintre.fr\/wp-content\/uploads\/2020\/08\/pere_noel-1280x1060.jpg 1280w\" sizes=\"(max-width: 300px) 100vw, 300px\" \/><\/p>\n<p>Le P\u00e8re No\u00ebl &#8211; Huile sur toile &#8211; 24 x 30 cm<\/p>\n<p><img decoding=\"async\" loading=\"lazy\" class=\"alignnone size-medium wp-image-673\" src=\"http:\/\/sidranne-artiste-peintre.fr\/wp-content\/uploads\/2018\/11\/tulipe-300x238.jpg\" alt=\"\" width=\"300\" height=\"238\" srcset=\"https:\/\/sidranne-artiste-peintre.fr\/wp-content\/uploads\/2018\/11\/tulipe-300x238.jpg 300w, https:\/\/sidranne-artiste-peintre.fr\/wp-content\/uploads\/2018\/11\/tulipe-700x555.jpg 700w, https:\/\/sidranne-artiste-peintre.fr\/wp-content\/uploads\/2018\/11\/tulipe.jpg 725w\" sizes=\"(max-width: 300px) 100vw, 300px\" \/><\/p>\n<p>C&#8217;est pour mieux te manger, mon enfant &#8211; Huile sur bois &#8211; 24 x 33 cm<\/p>\n<p>&nbsp;<\/p>\n","protected":false},"excerpt":{"rendered":"<p>Sidranne a eu la chance d&#8217;exposer avec Art3f quelques 25 toiles en huile sur toile ou bois sur les th\u00e8mes aussi vari\u00e9s que la nature morte, les fleurs, les animaux, No\u00ebl dans un site exceptionnel, Porte de Versailles \u00e0 Paris.<\/p>\n","protected":false},"author":1,"featured_media":0,"comment_status":"open","ping_status":"open","sticky":false,"template":"","format":"standard","meta":[],"categories":[14],"tags":[],"_links":{"self":[{"href":"https:\/\/sidranne-artiste-peintre.fr\/index.php?rest_route=\/wp\/v2\/posts\/1162"}],"collection":[{"href":"https:\/\/sidranne-artiste-peintre.fr\/index.php?rest_route=\/wp\/v2\/posts"}],"about":[{"href":"https:\/\/sidranne-artiste-peintre.fr\/index.php?rest_route=\/wp\/v2\/types\/post"}],"author":[{"embeddable":true,"href":"https:\/\/sidranne-artiste-peintre.fr\/index.php?rest_route=\/wp\/v2\/users\/1"}],"replies":[{"embeddable":true,"href":"https:\/\/sidranne-artiste-peintre.fr\/index.php?rest_route=%2Fwp%2Fv2%2Fcomments&post=1162"}],"version-history":[{"count":2,"href":"https:\/\/sidranne-artiste-peintre.fr\/index.php?rest_route=\/wp\/v2\/posts\/1162\/revisions"}],"predecessor-version":[{"id":1165,"href":"https:\/\/sidranne-artiste-peintre.fr\/index.php?rest_route=\/wp\/v2\/posts\/1162\/revisions\/1165"}],"wp:attachment":[{"href":"https:\/\/sidranne-artiste-peintre.fr\/index.php?rest_route=%2Fwp%2Fv2%2Fmedia&parent=1162"}],"wp:term":[{"taxonomy":"category","embeddable":true,"href":"https:\/\/sidranne-artiste-peintre.fr\/index.php?rest_route=%2Fwp%2Fv2%2Fcategories&post=1162"},{"taxonomy":"post_tag","embeddable":true,"href":"https:\/\/sidranne-artiste-peintre.fr\/index.php?rest_route=%2Fwp%2Fv2%2Ftags&post=1162"}],"curies":[{"name":"wp","href":"https:\/\/api.w.org\/{rel}","templated":true}]}}