{"id":1197,"date":"2021-12-30T17:33:21","date_gmt":"2021-12-30T16:33:21","guid":{"rendered":"http:\/\/sidranne-artiste-peintre.fr\/?p=1197"},"modified":"2021-12-30T17:44:32","modified_gmt":"2021-12-30T16:44:32","slug":"festival-dart-sacre-de-compiegne-du-6-au-12-decembre-2021","status":"publish","type":"post","link":"https:\/\/sidranne-artiste-peintre.fr\/?p=1197","title":{"rendered":"Festival d&#8217;Art Sacr\u00e9 de Compi\u00e8gne (du 6 au 12 d\u00e9cembre 2021)"},"content":{"rendered":"<p><img decoding=\"async\" loading=\"lazy\" class=\"size-medium wp-image-1198 aligncenter\" src=\"http:\/\/sidranne-artiste-peintre.fr\/wp-content\/uploads\/2021\/12\/art_sacre_flyer_2021-238x300.jpg\" alt=\"\" width=\"238\" height=\"300\" srcset=\"https:\/\/sidranne-artiste-peintre.fr\/wp-content\/uploads\/2021\/12\/art_sacre_flyer_2021-238x300.jpg 238w, https:\/\/sidranne-artiste-peintre.fr\/wp-content\/uploads\/2021\/12\/art_sacre_flyer_2021-768x968.jpg 768w, https:\/\/sidranne-artiste-peintre.fr\/wp-content\/uploads\/2021\/12\/art_sacre_flyer_2021-700x882.jpg 700w, https:\/\/sidranne-artiste-peintre.fr\/wp-content\/uploads\/2021\/12\/art_sacre_flyer_2021-900x1134.jpg 900w, https:\/\/sidranne-artiste-peintre.fr\/wp-content\/uploads\/2021\/12\/art_sacre_flyer_2021-1280x1613.jpg 1280w, https:\/\/sidranne-artiste-peintre.fr\/wp-content\/uploads\/2021\/12\/art_sacre_flyer_2021.jpg 1359w\" sizes=\"(max-width: 238px) 100vw, 238px\" \/><\/p>\n<p><!--more--><\/p>\n<p>Pour sa seconde \u00e9dition, le Festival d&#8217;Art sacr\u00e9 se tiendra \u00e0 Compi\u00e8gne du 6 au 12 d\u00e9cembre 2021. Cette manifestation artistique interconfessionnelle rassemble les \u0153uvres de plus de 300 artistes du monde entier, exprimant librement leur perception du sacr\u00e9, et notamment Noboru Kurosu, peintre japonais r\u00e9sidant \u00e0 Compi\u00e8gne, Joseph-Antoine d&#8217;Ornano, peintre et auteur d\u2019une dizaine d\u2019ouvrages, Sawami Demetz-Nakamura, maitre en arrangement floral japonais (Ikebana).<\/p>\n<p>Sidranne, pour cette occasion, a propos\u00e9 un floril\u00e8ge de 4 &#8220;fleurs&#8221; :<\/p>\n<p><img decoding=\"async\" loading=\"lazy\" class=\"alignnone size-medium wp-image-1200\" src=\"http:\/\/sidranne-artiste-peintre.fr\/wp-content\/uploads\/2021\/12\/IMG-20211206-WA0000-225x300.jpg\" alt=\"\" width=\"225\" height=\"300\" srcset=\"https:\/\/sidranne-artiste-peintre.fr\/wp-content\/uploads\/2021\/12\/IMG-20211206-WA0000-225x300.jpg 225w, https:\/\/sidranne-artiste-peintre.fr\/wp-content\/uploads\/2021\/12\/IMG-20211206-WA0000.jpg 768w, https:\/\/sidranne-artiste-peintre.fr\/wp-content\/uploads\/2021\/12\/IMG-20211206-WA0000-700x933.jpg 700w\" sizes=\"(max-width: 225px) 100vw, 225px\" \/><\/p>\n<p><img decoding=\"async\" loading=\"lazy\" class=\"alignnone size-medium wp-image-1201\" src=\"http:\/\/sidranne-artiste-peintre.fr\/wp-content\/uploads\/2021\/12\/IMG_20211211_163735-300x225.jpg\" alt=\"\" width=\"300\" height=\"225\" srcset=\"https:\/\/sidranne-artiste-peintre.fr\/wp-content\/uploads\/2021\/12\/IMG_20211211_163735-300x225.jpg 300w, https:\/\/sidranne-artiste-peintre.fr\/wp-content\/uploads\/2021\/12\/IMG_20211211_163735-768x576.jpg 768w, https:\/\/sidranne-artiste-peintre.fr\/wp-content\/uploads\/2021\/12\/IMG_20211211_163735-700x525.jpg 700w, https:\/\/sidranne-artiste-peintre.fr\/wp-content\/uploads\/2021\/12\/IMG_20211211_163735-900x675.jpg 900w, https:\/\/sidranne-artiste-peintre.fr\/wp-content\/uploads\/2021\/12\/IMG_20211211_163735-1280x960.jpg 1280w\" sizes=\"(max-width: 300px) 100vw, 300px\" \/><\/p>\n<p>&nbsp;<\/p>\n","protected":false},"excerpt":{"rendered":"","protected":false},"author":1,"featured_media":0,"comment_status":"open","ping_status":"open","sticky":false,"template":"","format":"standard","meta":[],"categories":[14],"tags":[],"_links":{"self":[{"href":"https:\/\/sidranne-artiste-peintre.fr\/index.php?rest_route=\/wp\/v2\/posts\/1197"}],"collection":[{"href":"https:\/\/sidranne-artiste-peintre.fr\/index.php?rest_route=\/wp\/v2\/posts"}],"about":[{"href":"https:\/\/sidranne-artiste-peintre.fr\/index.php?rest_route=\/wp\/v2\/types\/post"}],"author":[{"embeddable":true,"href":"https:\/\/sidranne-artiste-peintre.fr\/index.php?rest_route=\/wp\/v2\/users\/1"}],"replies":[{"embeddable":true,"href":"https:\/\/sidranne-artiste-peintre.fr\/index.php?rest_route=%2Fwp%2Fv2%2Fcomments&post=1197"}],"version-history":[{"count":4,"href":"https:\/\/sidranne-artiste-peintre.fr\/index.php?rest_route=\/wp\/v2\/posts\/1197\/revisions"}],"predecessor-version":[{"id":1205,"href":"https:\/\/sidranne-artiste-peintre.fr\/index.php?rest_route=\/wp\/v2\/posts\/1197\/revisions\/1205"}],"wp:attachment":[{"href":"https:\/\/sidranne-artiste-peintre.fr\/index.php?rest_route=%2Fwp%2Fv2%2Fmedia&parent=1197"}],"wp:term":[{"taxonomy":"category","embeddable":true,"href":"https:\/\/sidranne-artiste-peintre.fr\/index.php?rest_route=%2Fwp%2Fv2%2Fcategories&post=1197"},{"taxonomy":"post_tag","embeddable":true,"href":"https:\/\/sidranne-artiste-peintre.fr\/index.php?rest_route=%2Fwp%2Fv2%2Ftags&post=1197"}],"curies":[{"name":"wp","href":"https:\/\/api.w.org\/{rel}","templated":true}]}}