{"id":1481,"date":"2022-11-26T12:01:12","date_gmt":"2022-11-26T11:01:12","guid":{"rendered":"http:\/\/sidranne-artiste-peintre.fr\/?p=1481"},"modified":"2023-02-19T23:59:47","modified_gmt":"2023-02-19T22:59:47","slug":"il-est-royal-ce-pont","status":"publish","type":"post","link":"https:\/\/sidranne-artiste-peintre.fr\/?p=1481","title":{"rendered":"Il est Royal ce pont"},"content":{"rendered":"\n<figure class=\"wp-block-image\"><img decoding=\"async\" loading=\"lazy\" width=\"700\" height=\"529\" src=\"http:\/\/sidranne-artiste-peintre.fr\/wp-content\/uploads\/2022\/11\/Pont_royal-700x529.jpg\" alt=\"\" class=\"wp-image-1482\" srcset=\"https:\/\/sidranne-artiste-peintre.fr\/wp-content\/uploads\/2022\/11\/Pont_royal-700x529.jpg 700w, https:\/\/sidranne-artiste-peintre.fr\/wp-content\/uploads\/2022\/11\/Pont_royal-300x227.jpg 300w, https:\/\/sidranne-artiste-peintre.fr\/wp-content\/uploads\/2022\/11\/Pont_royal-768x581.jpg 768w, https:\/\/sidranne-artiste-peintre.fr\/wp-content\/uploads\/2022\/11\/Pont_royal-900x680.jpg 900w, https:\/\/sidranne-artiste-peintre.fr\/wp-content\/uploads\/2022\/11\/Pont_royal-1280x968.jpg 1280w\" sizes=\"(max-width: 700px) 100vw, 700px\" \/><\/figure>\n\n\n\n<p style=\"text-align:center\" class=\"has-text-color has-vivid-red-color\"><em><strong>VENDU\ufeff<\/strong><\/em><\/p>\n\n\n\n<p><em>Huile sur carton entoil\u00e9 \u2013 24 x 33 cm \u2013 Original<\/em><\/p>\n\n\n\n<p>Ce matin, je suis d\u2019humeur contemplative.<\/p>\n\n\n\n<!--more-->\n\n\n\n<p>Et si j\u2019errais\ndans Paris et me posais \u00e0 un endroit pr\u00e9cis et regardais autour de\nmoi \u2026 Ce serait chouette&nbsp;! Le ciel est un tantinet nuageux\nmais cela n\u2019alt\u00e8re en rien ma joie int\u00e9rieure. Je sais que la\npluie ne sera pas au rendez-vous. Demain peut-\u00eatre, mais pas\naujourd\u2019hui. \n<\/p>\n\n\n\n<p>Je n\u2019ai aucun sens\nde l\u2019orientation donc l\u2019errance va vraiment \u00eatre dans tous ses\n\u00e9tats&nbsp;! Ne me demandez pas comment j\u2019ai atterri pr\u00e9cis\u00e9ment\nl\u00e0, quelles rues j\u2019ai emprunt\u00e9es, ni m\u00eame quel sortie de m\u00e9tro,\nje ne m\u2019en souviens plus. Tout se brouille dans mon cerveau, il est\ntrop accapar\u00e9 par ce qu\u2019il voit. Et ce qui se passe devant lui est\ntellement magique que rien d\u2019autre n\u2019a d\u2019importance. Il traite\nses priorit\u00e9s comme un, grand, tout seul&nbsp;!<\/p>\n\n\n\n<p>Et alors que se\npasse t-il me demandez-vous&nbsp;?! Je suis debout, immobile au\nmilieu d\u2019une foule grandissante et face \u00e0 moi \u2026 Mais c\u2019est\nqu\u2019il est Royal ce pont&nbsp;! Forc\u00e9ment, c\u2019est le pont Royal \u2026\nEt derri\u00e8re sur la droite&nbsp;? Merci la technologie, merci\ninternet et Google&nbsp;! \n<\/p>\n\n\n\n<p>Il s\u2019agit du d\u00f4me\nde l\u2019Institut de France. Un peu d\u2019histoire&nbsp;: cr\u00e9\u00e9 en 1795,\nl\u2019Institut de France a pour mission d\u2019offrir aux cinq Acad\u00e9mies\nun cadre harmonieux pour travailler au perfectionnement des lettres,\ndes sciences et des arts, \u00e0 titre non lucratif. Et ces cinq\nAcad\u00e9mies sont&nbsp;: Acad\u00e9mie fran\u00e7aise,  Acad\u00e9mie des\ninscriptions et belles-lettres, Acad\u00e9mie des sciences, Acad\u00e9mie des\nbeaux-arts, Acad\u00e9mie des sciences morales et politiques. Grand\nm\u00e9c\u00e8ne, l\u2019Institut de France encourage la recherche et soutient\nla cr\u00e9ation \u00e0 travers la remise de prix, de bourses et de\nsubventions. Vaste programme&nbsp;!<\/p>\n\n\n\n<p>Et puis je vois\naussi la Sainte-Chapelle, destin\u00e9e \u00e0 abriter les plus pr\u00e9cieuses\nreliques de la chr\u00e9tient\u00e9 dont la Couronne d\u2019\u00e9pines du Christ,\nacquises par saint Louis. C\u2019est quinze verri\u00e8res de quinze m\u00e8tres\nde hauteurs avec des vitraux des 1113 sc\u00e8nes de l\u2019Ancien et du\nNouveau Testament&nbsp; racontant l\u2019histoire du monde jusqu\u2019\u00e0\nl\u2019arriv\u00e9e des reliques \u00e0 Paris.<\/p>\n\n\n\n<p>Et enfin, la fameuse\nCath\u00e9drale Notre-Dame de Paris, avant ce terrible incendie du 15\navril 2019, puisque la fl\u00e8che pointe encore vers le ciel ses ondes\nretentissantes. Notre-Dame est l&#8217;un des monuments les plus\nembl\u00e9matiques de Paris et de la France. Elle est d\u00e9di\u00e9 \u00e0 la\nVierge Marie.<\/p>\n\n\n\n<p> Ce matin, j\u2019\u00e9tais\nd\u2019humeur contemplative, quelle travers\u00e9e dans l\u2019histoire.<\/p>\n","protected":false},"excerpt":{"rendered":"<p>VENDU\ufeff Huile sur carton entoil\u00e9 \u2013 24 x 33 cm \u2013 Original Ce matin, je suis d\u2019humeur contemplative.<\/p>\n","protected":false},"author":1,"featured_media":0,"comment_status":"open","ping_status":"open","sticky":false,"template":"","format":"standard","meta":[],"categories":[12],"tags":[],"_links":{"self":[{"href":"https:\/\/sidranne-artiste-peintre.fr\/index.php?rest_route=\/wp\/v2\/posts\/1481"}],"collection":[{"href":"https:\/\/sidranne-artiste-peintre.fr\/index.php?rest_route=\/wp\/v2\/posts"}],"about":[{"href":"https:\/\/sidranne-artiste-peintre.fr\/index.php?rest_route=\/wp\/v2\/types\/post"}],"author":[{"embeddable":true,"href":"https:\/\/sidranne-artiste-peintre.fr\/index.php?rest_route=\/wp\/v2\/users\/1"}],"replies":[{"embeddable":true,"href":"https:\/\/sidranne-artiste-peintre.fr\/index.php?rest_route=%2Fwp%2Fv2%2Fcomments&post=1481"}],"version-history":[{"count":2,"href":"https:\/\/sidranne-artiste-peintre.fr\/index.php?rest_route=\/wp\/v2\/posts\/1481\/revisions"}],"predecessor-version":[{"id":1604,"href":"https:\/\/sidranne-artiste-peintre.fr\/index.php?rest_route=\/wp\/v2\/posts\/1481\/revisions\/1604"}],"wp:attachment":[{"href":"https:\/\/sidranne-artiste-peintre.fr\/index.php?rest_route=%2Fwp%2Fv2%2Fmedia&parent=1481"}],"wp:term":[{"taxonomy":"category","embeddable":true,"href":"https:\/\/sidranne-artiste-peintre.fr\/index.php?rest_route=%2Fwp%2Fv2%2Fcategories&post=1481"},{"taxonomy":"post_tag","embeddable":true,"href":"https:\/\/sidranne-artiste-peintre.fr\/index.php?rest_route=%2Fwp%2Fv2%2Ftags&post=1481"}],"curies":[{"name":"wp","href":"https:\/\/api.w.org\/{rel}","templated":true}]}}