{"id":1505,"date":"2022-11-28T00:17:53","date_gmt":"2022-11-27T23:17:53","guid":{"rendered":"http:\/\/sidranne-artiste-peintre.fr\/?p=1505"},"modified":"2023-05-30T20:18:35","modified_gmt":"2023-05-30T18:18:35","slug":"du-cote-de-montmartre","status":"publish","type":"post","link":"https:\/\/sidranne-artiste-peintre.fr\/?p=1505","title":{"rendered":"Du c\u00f4t\u00e9 de Montmartre"},"content":{"rendered":"\n<figure class=\"wp-block-image\"><img decoding=\"async\" loading=\"lazy\" width=\"700\" height=\"875\" src=\"http:\/\/sidranne-artiste-peintre.fr\/wp-content\/uploads\/2022\/11\/du_cote_de_montmartre-700x875.jpg\" alt=\"\" class=\"wp-image-1506\" srcset=\"https:\/\/sidranne-artiste-peintre.fr\/wp-content\/uploads\/2022\/11\/du_cote_de_montmartre-700x875.jpg 700w, https:\/\/sidranne-artiste-peintre.fr\/wp-content\/uploads\/2022\/11\/du_cote_de_montmartre-240x300.jpg 240w, https:\/\/sidranne-artiste-peintre.fr\/wp-content\/uploads\/2022\/11\/du_cote_de_montmartre-768x960.jpg 768w, https:\/\/sidranne-artiste-peintre.fr\/wp-content\/uploads\/2022\/11\/du_cote_de_montmartre-900x1125.jpg 900w, https:\/\/sidranne-artiste-peintre.fr\/wp-content\/uploads\/2022\/11\/du_cote_de_montmartre-1280x1599.jpg 1280w\" sizes=\"(max-width: 700px) 100vw, 700px\" \/><\/figure>\n\n\n\n<p style=\"text-align:center\" class=\"has-text-color has-vivid-red-color\"><em><strong>VENDU<\/strong><\/em><\/p>\n\n\n\n<p><em>Huile sur carton entoil\u00e9 \u2013 24 x 18 cm \u2013 Original<\/em><\/p>\n\n\n\n<p>La\nbasilique du Sacr\u00e9-C\u0153ur tr\u00f4ne, tr\u00e8s fi\u00e8re, tout en haut d\u2019une\nbutte dans le 18<sup>e<\/sup> arrondissement de Paris. Elle fait\npartie int\u00e9grante de ce paysage aux doux airs de petit village\nheureux d\u2019accueillir moult artistes. \n<\/p>\n\n\n\n<!--more-->\n\n\n\n<p>Commen\u00e7ons par les peintres, les plus connus, comme Manet,\nToulouse-Lautrec, G\u00e9ricault, Renoir, Van Gogh, puis Picasso,\nModigliani, Mir\u00f3, Kees\nvan Dongen\nont fr\u00e9quent\u00e9s les\ncaf\u00e9s et ateliers de la butte. Le mus\u00e9e de Montmartre leur rend\nhommage r\u00e9guli\u00e8rement. J\u2019y ai d\u00e9couvert Kees van Dongen il y a\nquelques ann\u00e9es.<\/p>\n\n\n\n<p>Qu\u2019en reste t-il\naujourd\u2019hui&nbsp;? La Halle Saint-Pierre a pris le relais en termes\nde lieu artistique et la place du Tertre, \u00e0 proximit\u00e9 du Sacr\u00e9-C\u0153ur\nrassemble toujours des\ndessinateurs pr\u00eats, moyennant finance, \u00e0 vous tirer le portrait.<\/p>\n\n\n\n<p>En arpentant ses rues pav\u00e9es, vous reconna\u00eetrez \u00e7a et l\u00e0 des\nimages du c\u00e9l\u00e8bre film Le fabuleux destin d\u2019Am\u00e9lie Poulain. Vous\npourrez aussi admirer ses vignes. Et oui, chaque ann\u00e9e les vendanges\nfont l\u2019objet d\u2019une f\u00eate pour c\u00e9l\u00e9brer son vin du Clos\nMontmartre. Autres vestiges du quartier, deux moulins r\u00e9sistent \u00e0\nl\u2019air du temps&nbsp;: le moulin Radet et le moulin de la Galette.\nPas tr\u00e8s loin, leur faisant une concurrence d\u00e9loyale, le\nMoulin-Rouge&nbsp;! Mais l\u00e0, c\u2019est une autre histoire pour un\nautre tableau.<\/p>\n\n\n\n<p>La basilique du Sacr\u00e9-C\u0153ur, construite au 19<sup>e<\/sup> si\u00e8cle,\nest exceptionnelle. Je l\u2019ai visit\u00e9e il y a tr\u00e8s peu de temps en\nfait. Ext\u00e9rieurement sa blancheur \u00e9voque la puret\u00e9. Elle est\nd\u00e9di\u00e9e au c\u0153ur du Christ et abrite la plus grande mosa\u00efque de\nFrance (480 m\u00b2). Sur son parvis, la vue panoramique de Paris est\nsplendide. Par temps clair, sortez votre appareil photo pour\nimmortaliser une des plus belles capitales du monde, enfin il\npara\u00eet&nbsp;!<\/p>\n\n\n\n<p>J\u2019ai deux\nsouvenirs tr\u00e8s personnels de la butte Montmartre. <br>\nLe premier\navec mes parents \u00e0 l\u2019occasion de mon anniversaire, il y a une\ntrentaine d\u2019ann\u00e9es. Nous avions d\u00een\u00e9 dans un restaurant. Puis\nnous avions fait un tour sur la place du Tertre. Mon p\u00e8re souhaitait\nm\u2019offrir mon portrait par un portraitiste et j\u2019ai refus\u00e9. Je le\nregrette encore aujourd\u2019hui. A l\u2019\u00e9poque je ne savais ni\ndessiner, ni peindre.<\/p>\n\n\n\n<p>Le deuxi\u00e8me avec un\ncouple d\u2019amis et ma fille, alors enfant, nous avions d\u00een\u00e9 dans un\nrestaurant et ne pouvions le quitter parce qu\u2019une temp\u00eate avait\n\u00e9clat\u00e9 pendant le dessert et l\u2019eau coulait \u00e0 flots sur les\ntrottoirs, d\u00e9bordait de partout. \n<\/p>\n\n\n\n<p>Souvenirs, souvenirs\n&#8230;<\/p>\n","protected":false},"excerpt":{"rendered":"<p>VENDU Huile sur carton entoil\u00e9 \u2013 24 x 18 cm \u2013 Original La basilique du Sacr\u00e9-C\u0153ur tr\u00f4ne, tr\u00e8s fi\u00e8re, tout en haut d\u2019une butte dans le 18e arrondissement de Paris. Elle fait partie int\u00e9grante de ce paysage aux doux airs de petit village heureux d\u2019accueillir moult artistes.<\/p>\n","protected":false},"author":1,"featured_media":0,"comment_status":"open","ping_status":"open","sticky":false,"template":"","format":"standard","meta":[],"categories":[12],"tags":[],"_links":{"self":[{"href":"https:\/\/sidranne-artiste-peintre.fr\/index.php?rest_route=\/wp\/v2\/posts\/1505"}],"collection":[{"href":"https:\/\/sidranne-artiste-peintre.fr\/index.php?rest_route=\/wp\/v2\/posts"}],"about":[{"href":"https:\/\/sidranne-artiste-peintre.fr\/index.php?rest_route=\/wp\/v2\/types\/post"}],"author":[{"embeddable":true,"href":"https:\/\/sidranne-artiste-peintre.fr\/index.php?rest_route=\/wp\/v2\/users\/1"}],"replies":[{"embeddable":true,"href":"https:\/\/sidranne-artiste-peintre.fr\/index.php?rest_route=%2Fwp%2Fv2%2Fcomments&post=1505"}],"version-history":[{"count":2,"href":"https:\/\/sidranne-artiste-peintre.fr\/index.php?rest_route=\/wp\/v2\/posts\/1505\/revisions"}],"predecessor-version":[{"id":1672,"href":"https:\/\/sidranne-artiste-peintre.fr\/index.php?rest_route=\/wp\/v2\/posts\/1505\/revisions\/1672"}],"wp:attachment":[{"href":"https:\/\/sidranne-artiste-peintre.fr\/index.php?rest_route=%2Fwp%2Fv2%2Fmedia&parent=1505"}],"wp:term":[{"taxonomy":"category","embeddable":true,"href":"https:\/\/sidranne-artiste-peintre.fr\/index.php?rest_route=%2Fwp%2Fv2%2Fcategories&post=1505"},{"taxonomy":"post_tag","embeddable":true,"href":"https:\/\/sidranne-artiste-peintre.fr\/index.php?rest_route=%2Fwp%2Fv2%2Ftags&post=1505"}],"curies":[{"name":"wp","href":"https:\/\/api.w.org\/{rel}","templated":true}]}}