{"id":1612,"date":"2023-03-15T22:41:32","date_gmt":"2023-03-15T21:41:32","guid":{"rendered":"http:\/\/sidranne-artiste-peintre.fr\/?p=1612"},"modified":"2023-03-15T22:41:32","modified_gmt":"2023-03-15T21:41:32","slug":"le-yin-et-le-yang","status":"publish","type":"post","link":"https:\/\/sidranne-artiste-peintre.fr\/?p=1612","title":{"rendered":"Le Yin et le Yang"},"content":{"rendered":"\n<figure class=\"wp-block-image\"><img decoding=\"async\" loading=\"lazy\" width=\"700\" height=\"894\" src=\"http:\/\/sidranne-artiste-peintre.fr\/wp-content\/uploads\/2023\/03\/yin_yang-700x894.jpg\" alt=\"\" class=\"wp-image-1613\" srcset=\"https:\/\/sidranne-artiste-peintre.fr\/wp-content\/uploads\/2023\/03\/yin_yang-700x894.jpg 700w, https:\/\/sidranne-artiste-peintre.fr\/wp-content\/uploads\/2023\/03\/yin_yang-235x300.jpg 235w, https:\/\/sidranne-artiste-peintre.fr\/wp-content\/uploads\/2023\/03\/yin_yang-768x981.jpg 768w, https:\/\/sidranne-artiste-peintre.fr\/wp-content\/uploads\/2023\/03\/yin_yang-900x1150.jpg 900w, https:\/\/sidranne-artiste-peintre.fr\/wp-content\/uploads\/2023\/03\/yin_yang-1280x1635.jpg 1280w\" sizes=\"(max-width: 700px) 100vw, 700px\" \/><\/figure>\n\n\n\n<p><em>Huile sur carton entoil\u00e9 \u2013 24 x 18 cm \u2013 Original<\/em><\/p>\n\n\n\n<p>Les deux b\u00e2timents ont \u00e9t\u00e9 b\u00e2ti en m\u00eame temps, ou quasi. Ils ont connu des hauts et des bas. Ils sont anim\u00e9s par des volets d\u2019une couleur ravageuse d\u2019optimisme. Ils ne peuvent passer inaper\u00e7us. Ils sont l\u00e0, depuis longtemps et comptent bien demeurer \u00e0 cette m\u00eame place encore plus longtemps !<\/p>\n\n\n\n<!--more-->\n\n\n\n<p>Je ne les ai pas\nrep\u00e9r\u00e9s d\u00e8s mon premier jour \u00e0 Amsterdam. Je l\u2019avoue. Je\npassais un peu rapidement dans les rues, \u00e0 la recherche de\nBerenstraat, d\u00e9sesp\u00e9r\u00e9ment. La premi\u00e8re fois a \u00e9t\u00e9 \u00e9pique.\nMerci \u00e0 tous les autochtones qui m\u2019ont tr\u00e8s gentiment aid\u00e9e \u00e0\nquatre reprises pour d\u00e9nicher la galerie. \n<\/p>\n\n\n\n<p>Mon troisi\u00e8me\nmatin, de la gare centrale, j\u2019emprunte cette rue qui ,n\u2019en finit\npas, pour rep\u00e9rer, \u00e0 la base, un des plus vieux bars de la ville et\nLA boutique de cookies au chocolat. Et l\u00e0, au tout d\u00e9but, sur la\ngauche, mon \u0153il est attir\u00e9 par la couleur. Ce orange pas possible\nest captivant. Il faut oser quand m\u00eame. Mais \u00e0 Amsterdam, tout est\npossible. Je m\u2019arr\u00eate quelques instants, hypnotis\u00e9e&nbsp;! Je\nn\u2019ai pas le choix. Je sors mon t\u00e9l\u00e9phone portable de mon sac \u00e0\ndos et commence \u00e0 prendre quelques clich\u00e9s pour \u00ab&nbsp;on ne sait\njamais&nbsp;\u00bb. \u00c0 ce\nmoment-l\u00e0 je n\u2019imagine pas en faire un tableau et encore moins\n\u00e9crire cette histoire.<\/p>\n\n\n\n<p>C\u2019est l\u2019odeur\n\u00e2cre du coffee shop \u00e0 c\u00f4t\u00e9 duquel je suis qui me pousse \u00e0\ncontinuer mon chemin. Je ne dois pas arriver en retard, c\u2019est moi\nqui ouvre les lieux aujourd\u2019hui&nbsp;! Mais ces deux grandes\nmaisons me hantent. J\u2019imagine des anecdotes derri\u00e8re les fen\u00eatres.\nLa vie des gens peut parfois \u00eatre passionnante. Combien sont-ils&nbsp;?\nEst-ce une famille&nbsp;? Quel \u00e2ge&nbsp;? Quel m\u00e9tier&nbsp;? Quels\nr\u00eaves habitent les occupants&nbsp;? \n<\/p>\n\n\n\n<p>Je vous laisse le\nsoin de compl\u00e9ter cette anecdote vous qui offrez \u00e0 ce tableau le\nplus beau des cadeaux, une nouvelle maison. Je vous souhaite beaucoup\nde joie \u00e0 le contempler d\u2019un regard distrait. Rapidement le matin\navant d\u2019aller travailler, se balader, vivre \u2026 Plus doucement le\nsoir au moment de se coucher. Parfois, pas du tout pendant une\njourn\u00e9e, deux pourquoi pas une semaine enti\u00e8re&nbsp;? Mais il n\u2019est\npas rancunier. Il sera toujours l\u00e0, fid\u00e8le, loyal, pr\u00eat \u00e0 vous\napporter tout le r\u00e9confort dont vous avez besoin.<\/p>\n\n\n\n<p>J\u2019y ai mis toute\nmon \u00e9nergie, toute ma vie dans ces couleurs vives \u2026 \n<\/p>\n","protected":false},"excerpt":{"rendered":"<p>Huile sur carton entoil\u00e9 \u2013 24 x 18 cm \u2013 Original Les deux b\u00e2timents ont \u00e9t\u00e9 b\u00e2ti en m\u00eame temps, ou quasi. Ils ont connu des hauts et des bas. Ils sont anim\u00e9s par des volets d\u2019une couleur ravageuse d\u2019optimisme. Ils ne peuvent passer inaper\u00e7us. Ils sont l\u00e0, depuis longtemps et comptent bien demeurer \u00e0 [&hellip;]<\/p>\n","protected":false},"author":1,"featured_media":0,"comment_status":"open","ping_status":"open","sticky":false,"template":"","format":"standard","meta":[],"categories":[12],"tags":[],"_links":{"self":[{"href":"https:\/\/sidranne-artiste-peintre.fr\/index.php?rest_route=\/wp\/v2\/posts\/1612"}],"collection":[{"href":"https:\/\/sidranne-artiste-peintre.fr\/index.php?rest_route=\/wp\/v2\/posts"}],"about":[{"href":"https:\/\/sidranne-artiste-peintre.fr\/index.php?rest_route=\/wp\/v2\/types\/post"}],"author":[{"embeddable":true,"href":"https:\/\/sidranne-artiste-peintre.fr\/index.php?rest_route=\/wp\/v2\/users\/1"}],"replies":[{"embeddable":true,"href":"https:\/\/sidranne-artiste-peintre.fr\/index.php?rest_route=%2Fwp%2Fv2%2Fcomments&post=1612"}],"version-history":[{"count":1,"href":"https:\/\/sidranne-artiste-peintre.fr\/index.php?rest_route=\/wp\/v2\/posts\/1612\/revisions"}],"predecessor-version":[{"id":1614,"href":"https:\/\/sidranne-artiste-peintre.fr\/index.php?rest_route=\/wp\/v2\/posts\/1612\/revisions\/1614"}],"wp:attachment":[{"href":"https:\/\/sidranne-artiste-peintre.fr\/index.php?rest_route=%2Fwp%2Fv2%2Fmedia&parent=1612"}],"wp:term":[{"taxonomy":"category","embeddable":true,"href":"https:\/\/sidranne-artiste-peintre.fr\/index.php?rest_route=%2Fwp%2Fv2%2Fcategories&post=1612"},{"taxonomy":"post_tag","embeddable":true,"href":"https:\/\/sidranne-artiste-peintre.fr\/index.php?rest_route=%2Fwp%2Fv2%2Ftags&post=1612"}],"curies":[{"name":"wp","href":"https:\/\/api.w.org\/{rel}","templated":true}]}}