{"id":1648,"date":"2023-04-17T19:28:12","date_gmt":"2023-04-17T17:28:12","guid":{"rendered":"http:\/\/sidranne-artiste-peintre.fr\/?p=1648"},"modified":"2023-09-20T13:56:49","modified_gmt":"2023-09-20T11:56:49","slug":"pop-up-store-a-amsterdam-du-3-au-9-avril-2023","status":"publish","type":"post","link":"https:\/\/sidranne-artiste-peintre.fr\/?p=1648","title":{"rendered":"Pop-up store \u00e0 Amsterdam (du 3 au 9 avril 2023)"},"content":{"rendered":"\n<figure class=\"wp-block-image\"><img decoding=\"async\" loading=\"lazy\" width=\"375\" height=\"375\" src=\"http:\/\/sidranne-artiste-peintre.fr\/wp-content\/uploads\/2023\/04\/AMSTERDAM_POST_I.jpg\" alt=\"\" class=\"wp-image-1649\" srcset=\"https:\/\/sidranne-artiste-peintre.fr\/wp-content\/uploads\/2023\/04\/AMSTERDAM_POST_I.jpg 375w, https:\/\/sidranne-artiste-peintre.fr\/wp-content\/uploads\/2023\/04\/AMSTERDAM_POST_I-150x150.jpg 150w, https:\/\/sidranne-artiste-peintre.fr\/wp-content\/uploads\/2023\/04\/AMSTERDAM_POST_I-300x300.jpg 300w, https:\/\/sidranne-artiste-peintre.fr\/wp-content\/uploads\/2023\/04\/AMSTERDAM_POST_I-88x88.jpg 88w\" sizes=\"(max-width: 375px) 100vw, 375px\" \/><\/figure>\n\n\n\n<p> Sidranne a eu la chance de participer \u00e0 une exposition collective dans  un pop-up store \u00e0 Amsterdam (Berenstraat, 24), organis\u00e9e par <a href=\"https:\/\/www.theartcycle.fr\/artiste\/germain_henneka\">Germain Henneka<\/a><\/p>\n\n\n\n<!--more-->\n\n\n\n<figure class=\"wp-block-image\"><img decoding=\"async\" loading=\"lazy\" width=\"440\" height=\"587\" src=\"http:\/\/sidranne-artiste-peintre.fr\/wp-content\/uploads\/2023\/04\/Sidranne.jpg\" alt=\"\" class=\"wp-image-1650\" srcset=\"https:\/\/sidranne-artiste-peintre.fr\/wp-content\/uploads\/2023\/04\/Sidranne.jpg 440w, https:\/\/sidranne-artiste-peintre.fr\/wp-content\/uploads\/2023\/04\/Sidranne-225x300.jpg 225w\" sizes=\"(max-width: 440px) 100vw, 440px\" \/><\/figure>\n\n\n\n<figure class=\"wp-block-image\"><img decoding=\"async\" loading=\"lazy\" width=\"700\" height=\"525\" src=\"http:\/\/sidranne-artiste-peintre.fr\/wp-content\/uploads\/2023\/04\/vitrine-700x525.jpg\" alt=\"\" class=\"wp-image-1651\" srcset=\"https:\/\/sidranne-artiste-peintre.fr\/wp-content\/uploads\/2023\/04\/vitrine-700x525.jpg 700w, https:\/\/sidranne-artiste-peintre.fr\/wp-content\/uploads\/2023\/04\/vitrine-300x225.jpg 300w, https:\/\/sidranne-artiste-peintre.fr\/wp-content\/uploads\/2023\/04\/vitrine-768x576.jpg 768w, https:\/\/sidranne-artiste-peintre.fr\/wp-content\/uploads\/2023\/04\/vitrine.jpg 782w\" sizes=\"(max-width: 700px) 100vw, 700px\" \/><\/figure>\n","protected":false},"excerpt":{"rendered":"<p>Sidranne a eu la chance de participer \u00e0 une exposition collective dans un pop-up store \u00e0 Amsterdam (Berenstraat, 24), organis\u00e9e par Germain Henneka<\/p>\n","protected":false},"author":1,"featured_media":0,"comment_status":"open","ping_status":"open","sticky":false,"template":"","format":"standard","meta":[],"categories":[14],"tags":[],"_links":{"self":[{"href":"https:\/\/sidranne-artiste-peintre.fr\/index.php?rest_route=\/wp\/v2\/posts\/1648"}],"collection":[{"href":"https:\/\/sidranne-artiste-peintre.fr\/index.php?rest_route=\/wp\/v2\/posts"}],"about":[{"href":"https:\/\/sidranne-artiste-peintre.fr\/index.php?rest_route=\/wp\/v2\/types\/post"}],"author":[{"embeddable":true,"href":"https:\/\/sidranne-artiste-peintre.fr\/index.php?rest_route=\/wp\/v2\/users\/1"}],"replies":[{"embeddable":true,"href":"https:\/\/sidranne-artiste-peintre.fr\/index.php?rest_route=%2Fwp%2Fv2%2Fcomments&post=1648"}],"version-history":[{"count":2,"href":"https:\/\/sidranne-artiste-peintre.fr\/index.php?rest_route=\/wp\/v2\/posts\/1648\/revisions"}],"predecessor-version":[{"id":1719,"href":"https:\/\/sidranne-artiste-peintre.fr\/index.php?rest_route=\/wp\/v2\/posts\/1648\/revisions\/1719"}],"wp:attachment":[{"href":"https:\/\/sidranne-artiste-peintre.fr\/index.php?rest_route=%2Fwp%2Fv2%2Fmedia&parent=1648"}],"wp:term":[{"taxonomy":"category","embeddable":true,"href":"https:\/\/sidranne-artiste-peintre.fr\/index.php?rest_route=%2Fwp%2Fv2%2Fcategories&post=1648"},{"taxonomy":"post_tag","embeddable":true,"href":"https:\/\/sidranne-artiste-peintre.fr\/index.php?rest_route=%2Fwp%2Fv2%2Ftags&post=1648"}],"curies":[{"name":"wp","href":"https:\/\/api.w.org\/{rel}","templated":true}]}}