{"id":1682,"date":"2023-08-31T01:02:21","date_gmt":"2023-08-30T23:02:21","guid":{"rendered":"http:\/\/sidranne-artiste-peintre.fr\/?p=1682"},"modified":"2025-10-03T11:10:27","modified_gmt":"2025-10-03T09:10:27","slug":"mon-reve-violet","status":"publish","type":"post","link":"https:\/\/sidranne-artiste-peintre.fr\/?p=1682","title":{"rendered":"Mon r\u00eave violet"},"content":{"rendered":"\n<figure class=\"wp-block-image\"><img decoding=\"async\" loading=\"lazy\" width=\"700\" height=\"702\" src=\"http:\/\/sidranne-artiste-peintre.fr\/wp-content\/uploads\/2023\/08\/reve_violet-700x702.jpg\" alt=\"\" class=\"wp-image-1683\" srcset=\"https:\/\/sidranne-artiste-peintre.fr\/wp-content\/uploads\/2023\/08\/reve_violet-700x702.jpg 700w, https:\/\/sidranne-artiste-peintre.fr\/wp-content\/uploads\/2023\/08\/reve_violet-150x150.jpg 150w, https:\/\/sidranne-artiste-peintre.fr\/wp-content\/uploads\/2023\/08\/reve_violet-300x300.jpg 300w, https:\/\/sidranne-artiste-peintre.fr\/wp-content\/uploads\/2023\/08\/reve_violet-768x770.jpg 768w, https:\/\/sidranne-artiste-peintre.fr\/wp-content\/uploads\/2023\/08\/reve_violet-88x88.jpg 88w, https:\/\/sidranne-artiste-peintre.fr\/wp-content\/uploads\/2023\/08\/reve_violet-900x902.jpg 900w, https:\/\/sidranne-artiste-peintre.fr\/wp-content\/uploads\/2023\/08\/reve_violet-1280x1283.jpg 1280w\" sizes=\"(max-width: 700px) 100vw, 700px\" \/><\/figure>\n\n\n\n<p style=\"text-align:center\" class=\"has-text-color has-vivid-red-color\"><em><strong>VENDU\ufeff<\/strong><\/em><\/p>\n\n\n\n<p><em>Huile sur carton entoil\u00e9 \u2013 20 x 20 cm \u2013 Original<\/em><\/p>\n\n\n\n<p>Alors que j\u2019erre dans les rues d\u2019Amsterdam, mon appareil photo pendu \u00e0 mon cou, ma t\u00eate rejet\u00e9e en arri\u00e8re pour mieux profiter des hautes maisons, je manque de buter dans quelque chose \u2026<\/p>\n\n\n\n<!--more-->\n\n\n\n<p>Mes\ncervicales reprennent leur position naturelle et quelle n\u2019est pas\nsa surprise lorsque je d\u00e9couvre qu\u2019il s\u2019agit d\u2019un v\u00e9lo. Mais\npas n\u2019importe quel v\u00e9lo&nbsp;! Non, une bicyclette violette \u2026 Et\noui&nbsp;! Elle a un panier sur le guidon tout d\u00e9cor\u00e9 de fleurs\ndans les tons violets, orangers, et aussi \u00e0 l\u2019arri\u00e8re dans une\nsacoche. C\u2019est le coup de foudre imm\u00e9diat&nbsp;!<\/p>\n\n\n\n<p>Alors\nje me mets \u00e0 r\u00eaver \u2026 Il \u00e9tait une fois, une princesse tout droit\nvenue du grand nord et toute de rose v\u00eatue, qui avait d\u00e9cid\u00e9 de\nfaire un tour du monde \u00e0 deux roues. Quelle dr\u00f4le d\u2019id\u00e9e. Et\npourtant, c\u2019est ce qu\u2019elle a fait. \u00c0\nbord de son bolide violet, elle quitte un beau matin sa ville natale\ndevant toute sa famille tr\u00e8s inqui\u00e8te et tous ses voisins aussi. \n<\/p>\n\n\n\n<p>La\npremi\u00e8re journ\u00e9e est difficile. La pluie, les c\u00f4tes, les\ndescentes, les ravins, les voitures, la chaleur, l\u2019accueil glacial\ndes populations locales \u2026 Cette ambiance plut\u00f4t hostile dure\nplusieurs jours, semaines. Mais la princesse ne se laisse pas\nd\u00e9courager pour si peu. Elle insiste sans jamais quitter sa joie et\nsa bonne humeur. Jusqu\u2019\u00e0 ce qu\u2019un jour, pas fait comme un autre\nvraisemblablement, alors qu\u2019elle roule sous une chaleur torride,\nelle est accueillie par de jeunes enfants qui l\u2019acclament et la\nsuivent de pr\u00e8s. Tant et si bien qu\u2019elle est oblig\u00e9e de freiner\net de s\u2019arr\u00eater. \n<\/p>\n\n\n\n<p>Alors\ndes adultes sortis de nulle part s\u2019approchent de la joyeuse bande,\ncertains munis de boissons, d\u2019autres de nourritures. Notre\nprincesse n\u2019en croit pas ses yeux. Elle est \u00e9mue. Elle se m\u00eale \u00e0\nla foule et savoure chaque minute. Mais, bient\u00f4t, il est temps de\nrepartir \u2026<\/p>\n\n\n\n<p>Depuis\nce jour, c\u2019est comme si quelque chose avait chang\u00e9, peut-\u00eatre\nelle-m\u00eame. Toujours est-il que chacune de ses rencontres a \u00e9t\u00e9\nincroyable, unique, sublime. Son p\u00e9riple a dur\u00e9 plusieurs ann\u00e9es.<\/p>\n\n\n\n<p>Elle\ns\u2019est donn\u00e9e le temps de vivre, de respirer, d\u2019aimer. Elle a\nv\u00e9cu pleinement son r\u00eave. \n<\/p>\n\n\n\n<p>Et\nmoi le mien. \n<\/p>\n\n\n\n<p>Alors\nque j\u2019erre dans les rues d\u2019Amsterdam, mon appareil photo pendu \u00e0\nmon cou, ma t\u00eate rejet\u00e9e en arri\u00e8re pour mieux profiter des hautes\nmaisons, je manque de buter dans quelque chose \u2026 \n<\/p>\n\n\n\n<p>Mon\nr\u00eave violet \u2026 \n<\/p>\n","protected":false},"excerpt":{"rendered":"<p>VENDU\ufeff Huile sur carton entoil\u00e9 \u2013 20 x 20 cm \u2013 Original Alors que j\u2019erre dans les rues d\u2019Amsterdam, mon appareil photo pendu \u00e0 mon cou, ma t\u00eate rejet\u00e9e en arri\u00e8re pour mieux profiter des hautes maisons, je manque de buter dans quelque chose \u2026<\/p>\n","protected":false},"author":1,"featured_media":0,"comment_status":"open","ping_status":"open","sticky":false,"template":"","format":"standard","meta":[],"categories":[12],"tags":[],"_links":{"self":[{"href":"https:\/\/sidranne-artiste-peintre.fr\/index.php?rest_route=\/wp\/v2\/posts\/1682"}],"collection":[{"href":"https:\/\/sidranne-artiste-peintre.fr\/index.php?rest_route=\/wp\/v2\/posts"}],"about":[{"href":"https:\/\/sidranne-artiste-peintre.fr\/index.php?rest_route=\/wp\/v2\/types\/post"}],"author":[{"embeddable":true,"href":"https:\/\/sidranne-artiste-peintre.fr\/index.php?rest_route=\/wp\/v2\/users\/1"}],"replies":[{"embeddable":true,"href":"https:\/\/sidranne-artiste-peintre.fr\/index.php?rest_route=%2Fwp%2Fv2%2Fcomments&post=1682"}],"version-history":[{"count":2,"href":"https:\/\/sidranne-artiste-peintre.fr\/index.php?rest_route=\/wp\/v2\/posts\/1682\/revisions"}],"predecessor-version":[{"id":2317,"href":"https:\/\/sidranne-artiste-peintre.fr\/index.php?rest_route=\/wp\/v2\/posts\/1682\/revisions\/2317"}],"wp:attachment":[{"href":"https:\/\/sidranne-artiste-peintre.fr\/index.php?rest_route=%2Fwp%2Fv2%2Fmedia&parent=1682"}],"wp:term":[{"taxonomy":"category","embeddable":true,"href":"https:\/\/sidranne-artiste-peintre.fr\/index.php?rest_route=%2Fwp%2Fv2%2Fcategories&post=1682"},{"taxonomy":"post_tag","embeddable":true,"href":"https:\/\/sidranne-artiste-peintre.fr\/index.php?rest_route=%2Fwp%2Fv2%2Ftags&post=1682"}],"curies":[{"name":"wp","href":"https:\/\/api.w.org\/{rel}","templated":true}]}}