{"id":1713,"date":"2023-09-20T13:35:25","date_gmt":"2023-09-20T11:35:25","guid":{"rendered":"http:\/\/sidranne-artiste-peintre.fr\/?p=1713"},"modified":"2023-09-20T13:43:04","modified_gmt":"2023-09-20T11:43:04","slug":"pop-up-store-a-amsterdam-du-11-au-17-septembre-2022","status":"publish","type":"post","link":"https:\/\/sidranne-artiste-peintre.fr\/?p=1713","title":{"rendered":"Pop-up store \u00e0 Amsterdam (du 11 au 17 septembre 2023)"},"content":{"rendered":"\n<figure class=\"wp-block-image\"><img decoding=\"async\" loading=\"lazy\" width=\"700\" height=\"700\" src=\"http:\/\/sidranne-artiste-peintre.fr\/wp-content\/uploads\/2023\/09\/BERENSTRAAT-10-17-Sept-2023-2023-1-700x700.png\" alt=\"\" class=\"wp-image-1714\" srcset=\"https:\/\/sidranne-artiste-peintre.fr\/wp-content\/uploads\/2023\/09\/BERENSTRAAT-10-17-Sept-2023-2023-1-700x700.png 700w, https:\/\/sidranne-artiste-peintre.fr\/wp-content\/uploads\/2023\/09\/BERENSTRAAT-10-17-Sept-2023-2023-1-150x150.png 150w, https:\/\/sidranne-artiste-peintre.fr\/wp-content\/uploads\/2023\/09\/BERENSTRAAT-10-17-Sept-2023-2023-1-300x300.png 300w, https:\/\/sidranne-artiste-peintre.fr\/wp-content\/uploads\/2023\/09\/BERENSTRAAT-10-17-Sept-2023-2023-1-768x768.png 768w, https:\/\/sidranne-artiste-peintre.fr\/wp-content\/uploads\/2023\/09\/BERENSTRAAT-10-17-Sept-2023-2023-1-88x88.png 88w, https:\/\/sidranne-artiste-peintre.fr\/wp-content\/uploads\/2023\/09\/BERENSTRAAT-10-17-Sept-2023-2023-1-900x900.png 900w, https:\/\/sidranne-artiste-peintre.fr\/wp-content\/uploads\/2023\/09\/BERENSTRAAT-10-17-Sept-2023-2023-1.png 1080w\" sizes=\"(max-width: 700px) 100vw, 700px\" \/><\/figure>\n\n\n\n<p> Sidranne a eu la chance de participer \u00e0 une exposition collective dans  un pop-up store \u00e0 Amsterdam (Berenstraat, 24), organis\u00e9e par <a href=\"https:\/\/www.theartcycle.fr\/artiste\/germain_henneka\" target=\"_blank\" rel=\"noreferrer noopener\" aria-label=\"Germain Henneka (opens in a new tab)\">Germain Henneka<\/a><\/p>\n\n\n\n<!--more-->\n\n\n\n<figure class=\"wp-block-image\"><img decoding=\"async\" loading=\"lazy\" width=\"440\" height=\"587\" src=\"http:\/\/sidranne-artiste-peintre.fr\/wp-content\/uploads\/2023\/09\/IMG_20230913_160453.jpg\" alt=\"\" class=\"wp-image-1715\" srcset=\"https:\/\/sidranne-artiste-peintre.fr\/wp-content\/uploads\/2023\/09\/IMG_20230913_160453.jpg 440w, https:\/\/sidranne-artiste-peintre.fr\/wp-content\/uploads\/2023\/09\/IMG_20230913_160453-225x300.jpg 225w\" sizes=\"(max-width: 440px) 100vw, 440px\" \/><\/figure>\n\n\n\n<figure class=\"wp-block-image\"><img decoding=\"async\" loading=\"lazy\" width=\"700\" height=\"525\" src=\"http:\/\/sidranne-artiste-peintre.fr\/wp-content\/uploads\/2023\/09\/IMG_20230915_143147-700x525.jpg\" alt=\"\" class=\"wp-image-1716\" srcset=\"https:\/\/sidranne-artiste-peintre.fr\/wp-content\/uploads\/2023\/09\/IMG_20230915_143147-700x525.jpg 700w, https:\/\/sidranne-artiste-peintre.fr\/wp-content\/uploads\/2023\/09\/IMG_20230915_143147-300x225.jpg 300w, https:\/\/sidranne-artiste-peintre.fr\/wp-content\/uploads\/2023\/09\/IMG_20230915_143147-768x576.jpg 768w, https:\/\/sidranne-artiste-peintre.fr\/wp-content\/uploads\/2023\/09\/IMG_20230915_143147.jpg 782w\" sizes=\"(max-width: 700px) 100vw, 700px\" \/><\/figure>\n","protected":false},"excerpt":{"rendered":"<p>Sidranne a eu la chance de participer \u00e0 une exposition collective dans un pop-up store \u00e0 Amsterdam (Berenstraat, 24), organis\u00e9e par Germain Henneka<\/p>\n","protected":false},"author":1,"featured_media":0,"comment_status":"open","ping_status":"open","sticky":false,"template":"","format":"standard","meta":[],"categories":[14],"tags":[],"_links":{"self":[{"href":"https:\/\/sidranne-artiste-peintre.fr\/index.php?rest_route=\/wp\/v2\/posts\/1713"}],"collection":[{"href":"https:\/\/sidranne-artiste-peintre.fr\/index.php?rest_route=\/wp\/v2\/posts"}],"about":[{"href":"https:\/\/sidranne-artiste-peintre.fr\/index.php?rest_route=\/wp\/v2\/types\/post"}],"author":[{"embeddable":true,"href":"https:\/\/sidranne-artiste-peintre.fr\/index.php?rest_route=\/wp\/v2\/users\/1"}],"replies":[{"embeddable":true,"href":"https:\/\/sidranne-artiste-peintre.fr\/index.php?rest_route=%2Fwp%2Fv2%2Fcomments&post=1713"}],"version-history":[{"count":2,"href":"https:\/\/sidranne-artiste-peintre.fr\/index.php?rest_route=\/wp\/v2\/posts\/1713\/revisions"}],"predecessor-version":[{"id":1718,"href":"https:\/\/sidranne-artiste-peintre.fr\/index.php?rest_route=\/wp\/v2\/posts\/1713\/revisions\/1718"}],"wp:attachment":[{"href":"https:\/\/sidranne-artiste-peintre.fr\/index.php?rest_route=%2Fwp%2Fv2%2Fmedia&parent=1713"}],"wp:term":[{"taxonomy":"category","embeddable":true,"href":"https:\/\/sidranne-artiste-peintre.fr\/index.php?rest_route=%2Fwp%2Fv2%2Fcategories&post=1713"},{"taxonomy":"post_tag","embeddable":true,"href":"https:\/\/sidranne-artiste-peintre.fr\/index.php?rest_route=%2Fwp%2Fv2%2Ftags&post=1713"}],"curies":[{"name":"wp","href":"https:\/\/api.w.org\/{rel}","templated":true}]}}