{"id":1777,"date":"2024-01-27T11:40:58","date_gmt":"2024-01-27T10:40:58","guid":{"rendered":"http:\/\/sidranne-artiste-peintre.fr\/?p=1777"},"modified":"2024-01-27T11:40:58","modified_gmt":"2024-01-27T10:40:58","slug":"une-balade-a-paris","status":"publish","type":"post","link":"https:\/\/sidranne-artiste-peintre.fr\/?p=1777","title":{"rendered":"Une balade \u00e0 Paris"},"content":{"rendered":"\n<div class=\"wp-block-image\"><figure class=\"aligncenter\"><img decoding=\"async\" loading=\"lazy\" width=\"700\" height=\"709\" src=\"http:\/\/sidranne-artiste-peintre.fr\/wp-content\/uploads\/2024\/01\/a_walk_in_paris-700x709.jpg\" alt=\"\" class=\"wp-image-1778\" srcset=\"https:\/\/sidranne-artiste-peintre.fr\/wp-content\/uploads\/2024\/01\/a_walk_in_paris-700x709.jpg 700w, https:\/\/sidranne-artiste-peintre.fr\/wp-content\/uploads\/2024\/01\/a_walk_in_paris-296x300.jpg 296w, https:\/\/sidranne-artiste-peintre.fr\/wp-content\/uploads\/2024\/01\/a_walk_in_paris-768x778.jpg 768w, https:\/\/sidranne-artiste-peintre.fr\/wp-content\/uploads\/2024\/01\/a_walk_in_paris-88x88.jpg 88w, https:\/\/sidranne-artiste-peintre.fr\/wp-content\/uploads\/2024\/01\/a_walk_in_paris-900x912.jpg 900w, https:\/\/sidranne-artiste-peintre.fr\/wp-content\/uploads\/2024\/01\/a_walk_in_paris-1280x1297.jpg 1280w\" sizes=\"(max-width: 700px) 100vw, 700px\" \/><\/figure><\/div>\n\n\n\n<p><em>Huile sur carton entoil\u00e9 \u2013 20 x 20 cm \u2013 Original<\/em><\/p>\n\n\n\n<p>Cet automne, je revenais de l\u2019exposition du peintre Nicolas de Sta\u00ebl au Mus\u00e9e d\u2019Art Moderne de Paris.  <\/p>\n\n\n\n<!--more-->\n\n\n\n<p>Je d\u00e9couvrais\nlitt\u00e9ralement ce peintre. Je connaissais de nom mais sans plus. J\u2019en\nsuis ressortie \u00e9poustoufl\u00e9e, avec le vertige. Jamais je ne me suis\nsentie comme \u00e7a apr\u00e8s une exposition, jamais. Une fois rentr\u00e9e \u00e0\nla maison, j\u2019ai voulu changer ma peinture, mes couleurs, ma vision.\nEt j\u2019y suis arriv\u00e9e et voil\u00e0 ce que \u00e7a donne. Je le dois \u00e0\ncette journ\u00e9e particuli\u00e8re.<\/p>\n\n\n\n<p>Une journ\u00e9e\nd\u2019automne avec un soleil et un ciel bleu \u00e9poustouflants. En\nsortant du mus\u00e9e vous avez une vue sur la Tour Eiffel qui est tr\u00e8s\nbelle avec le recul n\u00e9cessaire pour en contempler toute sa beaut\u00e9\nde fer. J\u2019ai descendu quelques marches et j\u2019ai travers\u00e9 la Seine\npour atterrir \u00e0 ses pieds. Elle est gigantesque. \n<\/p>\n\n\n\n<p>Je d\u00e9cide de\ncontinuer ma balade juste au bord de la Seine en direction du Mus\u00e9e\nd\u2019Orsay. Petite parenth\u00e8se, ce mus\u00e9e est superbe. Il vaut\nabsolument le d\u00e9tour. Ses collections permanentes sont belles et\nvari\u00e9es, balayant tous les genres et ses expositions temporaires\nsont toujours int\u00e9ressantes. D\u2019ailleurs, je dois absolument aller\nvoir celle sur Van Gogh qui prend fin d\u00e9but f\u00e9vrier&nbsp;!<\/p>\n\n\n\n<p>Je marche parmi les\nhabitu\u00e9s, les joggeurs, les touristes. Je d\u00e9couvre ma propre ville\nde ce c\u00f4t\u00e9-ci de la Seine. Voil\u00e0 le Mus\u00e9e d\u2019Orsay sur ma droite\navec sa grande, immense horloge. Cette ancienne gare qui \u2026 j\u2019avais\ndit que ce n\u2019\u00e9tait qu\u2019une parenth\u00e8se&nbsp;! Je la referme pour\nrevenir au sujet principal de ce texte&nbsp;: une balade \u00e0 Paris.<\/p>\n\n\n\n<p>Je jette un \u0153il de\nl\u2019autre c\u00f4t\u00e9 et \u2026 ce pont m\u2019attire d\u2019embl\u00e9e. Cette\nsculpture sur le bord du quai qui brille de mille feux avec le soleil\nradieux de cette fin d\u2019apr\u00e8s-midi. Une salamandre dor\u00e9e sublime\nqui surveille ce pont unique avec ses cand\u00e9labres, ses statues \u2026.\nTout ceci fera l\u2019objet d\u2019un prochain texte pour un autre tableau.\nMais c\u2019est quoi de l\u2019autre c\u00f4t\u00e9 du pont&nbsp;? Ce monument\nimmense&nbsp;? Mais oui bien s\u00fbr, il s\u2019agit du Grand Palais. En\nplein travaux actuellement pour le consolider. Il sera bient\u00f4t tout\nneuf&nbsp;!<\/p>\n\n\n\n<p>C\u2019est ainsi que\ns\u2019ach\u00e8ve cette balade \u00e0 Paris, je pousse jusqu\u2019au Mus\u00e9e du\nLouvre pour traverser et reprendre le m\u00e9tro vers la rue de Rivoli.\nQuel bonheur ce Paris sous le soleil. L\u2019or explose de toute part.\nJ\u2019ai des \u00e9toiles plein les yeux.<\/p>\n","protected":false},"excerpt":{"rendered":"<p>Huile sur carton entoil\u00e9 \u2013 20 x 20 cm \u2013 Original Cet automne, je revenais de l\u2019exposition du peintre Nicolas de Sta\u00ebl au Mus\u00e9e d\u2019Art Moderne de Paris.<\/p>\n","protected":false},"author":1,"featured_media":0,"comment_status":"open","ping_status":"open","sticky":false,"template":"","format":"standard","meta":[],"categories":[12],"tags":[],"_links":{"self":[{"href":"https:\/\/sidranne-artiste-peintre.fr\/index.php?rest_route=\/wp\/v2\/posts\/1777"}],"collection":[{"href":"https:\/\/sidranne-artiste-peintre.fr\/index.php?rest_route=\/wp\/v2\/posts"}],"about":[{"href":"https:\/\/sidranne-artiste-peintre.fr\/index.php?rest_route=\/wp\/v2\/types\/post"}],"author":[{"embeddable":true,"href":"https:\/\/sidranne-artiste-peintre.fr\/index.php?rest_route=\/wp\/v2\/users\/1"}],"replies":[{"embeddable":true,"href":"https:\/\/sidranne-artiste-peintre.fr\/index.php?rest_route=%2Fwp%2Fv2%2Fcomments&post=1777"}],"version-history":[{"count":1,"href":"https:\/\/sidranne-artiste-peintre.fr\/index.php?rest_route=\/wp\/v2\/posts\/1777\/revisions"}],"predecessor-version":[{"id":1779,"href":"https:\/\/sidranne-artiste-peintre.fr\/index.php?rest_route=\/wp\/v2\/posts\/1777\/revisions\/1779"}],"wp:attachment":[{"href":"https:\/\/sidranne-artiste-peintre.fr\/index.php?rest_route=%2Fwp%2Fv2%2Fmedia&parent=1777"}],"wp:term":[{"taxonomy":"category","embeddable":true,"href":"https:\/\/sidranne-artiste-peintre.fr\/index.php?rest_route=%2Fwp%2Fv2%2Fcategories&post=1777"},{"taxonomy":"post_tag","embeddable":true,"href":"https:\/\/sidranne-artiste-peintre.fr\/index.php?rest_route=%2Fwp%2Fv2%2Ftags&post=1777"}],"curies":[{"name":"wp","href":"https:\/\/api.w.org\/{rel}","templated":true}]}}