{"id":1881,"date":"2024-06-19T19:19:26","date_gmt":"2024-06-19T17:19:26","guid":{"rendered":"http:\/\/sidranne-artiste-peintre.fr\/?p=1881"},"modified":"2024-06-19T19:49:13","modified_gmt":"2024-06-19T17:49:13","slug":"le-cafe-de-schreierstoren-1ere-partie","status":"publish","type":"post","link":"https:\/\/sidranne-artiste-peintre.fr\/?p=1881","title":{"rendered":"Le Caf\u00e9 de Schreierstoren (1\u00e8re partie)"},"content":{"rendered":"\n<div class=\"wp-block-image\"><figure class=\"aligncenter\"><img decoding=\"async\" loading=\"lazy\" width=\"700\" height=\"549\" src=\"http:\/\/sidranne-artiste-peintre.fr\/wp-content\/uploads\/2024\/06\/canal_paysage_dyptique1_18x24-700x549.jpg\" alt=\"\" class=\"wp-image-1882\" srcset=\"https:\/\/sidranne-artiste-peintre.fr\/wp-content\/uploads\/2024\/06\/canal_paysage_dyptique1_18x24-700x549.jpg 700w, https:\/\/sidranne-artiste-peintre.fr\/wp-content\/uploads\/2024\/06\/canal_paysage_dyptique1_18x24-300x235.jpg 300w, https:\/\/sidranne-artiste-peintre.fr\/wp-content\/uploads\/2024\/06\/canal_paysage_dyptique1_18x24-768x603.jpg 768w, https:\/\/sidranne-artiste-peintre.fr\/wp-content\/uploads\/2024\/06\/canal_paysage_dyptique1_18x24-900x706.jpg 900w, https:\/\/sidranne-artiste-peintre.fr\/wp-content\/uploads\/2024\/06\/canal_paysage_dyptique1_18x24-1280x1005.jpg 1280w\" sizes=\"(max-width: 700px) 100vw, 700px\" \/><\/figure><\/div>\n\n\n\n<p><em>Huile sur carton entoil\u00e9 \u2013 18 x 24 cm \u2013 Original<\/em><\/p>\n\n\n\n<p>Le caf\u00e9 de Schreierstoren, construit au 15\u00e8me si\u00e8cle, \u00e9tait \u00e0 l&#8217;origine une partie de la ville m\u00e9di\u00e9vale d\u2019Amsterdam. Il doit son nom \u00e0 sa Tour qui \u00e9tait le spot o\u00f9 les femmes de marins disaient au revoir \u00e0 leurs maris avant leur d\u00e9part en mer.<\/p>\n\n\n\n<!--more-->\n\n\n\n<p>J\u2019y suis all\u00e9e\navec ma fille un samedi 15 juin 2024 \u00e0 l\u2019occasion de\nl\u2019inauguration au IJpassage \u00e0 la gare centrale d\u2019Amsterdam d\u2019un\nde mes tableaux (Un moulin vert dans un champ de tulipes, une huile\nde toile de 50&#215;61 cm) parmi d\u2019autres \u0153uvres sur un \u00e9cran digital\ng\u00e9ant pendant 7 jours. En quelques chiffres&nbsp;: 299 artistes de\n38 pays diff\u00e9rents pour montrer 377 \u0153uvres. Apr\u00e8s l\u2019inauguration\nde cet \u00e9v\u00e9nement unique en son genre, nous avions rendez-vous dans\nle caf\u00e9 de Schreierstoren avec l\u2019organisateur et les artistes\npr\u00e9sents qui souhaitaient prolonger la f\u00eate.<\/p>\n\n\n\n<p>Avant de rentrer,\nnous tombons sur un couple que j\u2019avais aper\u00e7u \u00e0 la gare, je\nm\u2019adresse \u00e0 eux en anglais. Et oui, ils ont bien accept\u00e9 de\nparticiper \u00e0 l\u2019after. Tr\u00e8s rapidement, nous nous rendons compte\nque nous parlons fran\u00e7ais, ils sont belges&nbsp;! Nous entrons dans\nl\u2019\u00e9tablissement, un tr\u00e8s bel endroit, et nous rendons dans la\nsalle pr\u00e9vue \u00e0 cet effet. Une d\u00e9coration \u00e0 l\u2019ancienne,\nforc\u00e9ment&nbsp;! Tr\u00e8s chouette.<\/p>\n\n\n\n<p>Nous prenons une table avec ce couple et nous ne nous sommes plus quitt\u00e9s de la soir\u00e9e. C\u2019\u00e9tait sympa d\u2019\u00e9changer entre artistes de nos techniques, nos m\u00e9tiers d\u2019avant, nos similitudes aussi dans notre culture et notre vie quotidienne. Apr\u00e8s tout la Belgique est toute proche, c\u2019est l\u2019Europe !  <\/p>\n\n\n\n<p>On en parle de la\nnourriture et de la boisson \u00e0 volont\u00e9&nbsp;? Un chardonnay bien\nfrais, et une multitude de sp\u00e9cialit\u00e9s n\u00e9erlandaises&nbsp;: nachos\nau cheddar avec guacamole et cr\u00e8me fra\u00eeche, frites avec mayonnaise,\nboules de viandes et de fromages frits, l\u00e9gumes (carotte, c\u00e9leri,\nconcombre et tomate) avec sauces. Et pour le dessert, au choix&nbsp;:\npancakes au lemon curd ou apple pie. \n<\/p>\n\n\n\n<p>Nous avons vraiment\ntr\u00e8s tr\u00e8s bien mang\u00e9 et beaucoup discut\u00e9 aussi. Sans compter les\nartistes, tr\u00e8s artistes, \u00e0 fond dans le marketing et experts dans\nla vente de leur image&nbsp;! J\u2019admire cette aisance qui n\u2019est\npas du tout dans mon ADN. J\u2019aime la solitude et peindre dans la\ntranquillit\u00e9. J\u2019aime aussi \u00e9changer avec les personnes venues me\nrencontrer lors d\u2019une exposition. Je pourrais parler des heures\nmais c\u2019est en petit comit\u00e9&nbsp;!<\/p>\n","protected":false},"excerpt":{"rendered":"<p>Huile sur carton entoil\u00e9 \u2013 18 x 24 cm \u2013 Original Le caf\u00e9 de Schreierstoren, construit au 15\u00e8me si\u00e8cle, \u00e9tait \u00e0 l&#8217;origine une partie de la ville m\u00e9di\u00e9vale d\u2019Amsterdam. Il doit son nom \u00e0 sa Tour qui \u00e9tait le spot o\u00f9 les femmes de marins disaient au revoir \u00e0 leurs maris avant leur d\u00e9part en [&hellip;]<\/p>\n","protected":false},"author":1,"featured_media":0,"comment_status":"open","ping_status":"open","sticky":false,"template":"","format":"standard","meta":[],"categories":[12],"tags":[],"_links":{"self":[{"href":"https:\/\/sidranne-artiste-peintre.fr\/index.php?rest_route=\/wp\/v2\/posts\/1881"}],"collection":[{"href":"https:\/\/sidranne-artiste-peintre.fr\/index.php?rest_route=\/wp\/v2\/posts"}],"about":[{"href":"https:\/\/sidranne-artiste-peintre.fr\/index.php?rest_route=\/wp\/v2\/types\/post"}],"author":[{"embeddable":true,"href":"https:\/\/sidranne-artiste-peintre.fr\/index.php?rest_route=\/wp\/v2\/users\/1"}],"replies":[{"embeddable":true,"href":"https:\/\/sidranne-artiste-peintre.fr\/index.php?rest_route=%2Fwp%2Fv2%2Fcomments&post=1881"}],"version-history":[{"count":2,"href":"https:\/\/sidranne-artiste-peintre.fr\/index.php?rest_route=\/wp\/v2\/posts\/1881\/revisions"}],"predecessor-version":[{"id":1888,"href":"https:\/\/sidranne-artiste-peintre.fr\/index.php?rest_route=\/wp\/v2\/posts\/1881\/revisions\/1888"}],"wp:attachment":[{"href":"https:\/\/sidranne-artiste-peintre.fr\/index.php?rest_route=%2Fwp%2Fv2%2Fmedia&parent=1881"}],"wp:term":[{"taxonomy":"category","embeddable":true,"href":"https:\/\/sidranne-artiste-peintre.fr\/index.php?rest_route=%2Fwp%2Fv2%2Fcategories&post=1881"},{"taxonomy":"post_tag","embeddable":true,"href":"https:\/\/sidranne-artiste-peintre.fr\/index.php?rest_route=%2Fwp%2Fv2%2Ftags&post=1881"}],"curies":[{"name":"wp","href":"https:\/\/api.w.org\/{rel}","templated":true}]}}