{"id":1884,"date":"2024-06-19T19:21:46","date_gmt":"2024-06-19T17:21:46","guid":{"rendered":"http:\/\/sidranne-artiste-peintre.fr\/?p=1884"},"modified":"2024-06-19T19:48:42","modified_gmt":"2024-06-19T17:48:42","slug":"le-cafe-de-schreierstoren-2eme-partie","status":"publish","type":"post","link":"https:\/\/sidranne-artiste-peintre.fr\/?p=1884","title":{"rendered":"Le Caf\u00e9 de Schreierstoren (2\u00e8me partie)"},"content":{"rendered":"\n<div class=\"wp-block-image\"><figure class=\"aligncenter\"><img decoding=\"async\" loading=\"lazy\" width=\"700\" height=\"543\" src=\"http:\/\/sidranne-artiste-peintre.fr\/wp-content\/uploads\/2024\/06\/canal_paysage_dyptique2_18x24-700x543.jpg\" alt=\"\" class=\"wp-image-1885\" srcset=\"https:\/\/sidranne-artiste-peintre.fr\/wp-content\/uploads\/2024\/06\/canal_paysage_dyptique2_18x24-700x543.jpg 700w, https:\/\/sidranne-artiste-peintre.fr\/wp-content\/uploads\/2024\/06\/canal_paysage_dyptique2_18x24-300x233.jpg 300w, https:\/\/sidranne-artiste-peintre.fr\/wp-content\/uploads\/2024\/06\/canal_paysage_dyptique2_18x24-768x596.jpg 768w, https:\/\/sidranne-artiste-peintre.fr\/wp-content\/uploads\/2024\/06\/canal_paysage_dyptique2_18x24-900x699.jpg 900w, https:\/\/sidranne-artiste-peintre.fr\/wp-content\/uploads\/2024\/06\/canal_paysage_dyptique2_18x24-1280x994.jpg 1280w\" sizes=\"(max-width: 700px) 100vw, 700px\" \/><\/figure><\/div>\n\n\n\n<p><em>Huile sur carton entoil\u00e9 \u2013 18 x 24 cm \u2013 Original<\/em><\/p>\n\n\n\n<p>Le caf\u00e9 de Schreierstoren, construit au 15\u00e8me si\u00e8cle, \u00e9tait \u00e0 l&#8217;origine une partie de la ville m\u00e9di\u00e9vale d\u2019Amsterdam. Il doit son nom \u00e0 sa Tour qui \u00e9tait le spot o\u00f9 les femmes de marins disaient au revoir \u00e0 leurs maris avant leur d\u00e9part en mer.<\/p>\n\n\n\n<!--more-->\n\n\n\n<p>J\u2019y suis all\u00e9e\navec ma fille un samedi 15 juin 2024 \u00e0 l\u2019occasion de\nl\u2019inauguration au IJpassage \u00e0 la gare centrale d\u2019Amsterdam d\u2019un\nde mes tableaux (Un moulin vert dans un champ de tulipes, une huile\nde toile de 50&#215;61 cm) parmi d\u2019autres \u0153uvres sur un \u00e9cran digital\ng\u00e9ant pendant 7 jours. En quelques chiffres&nbsp;: 299 artistes de\n38 pays diff\u00e9rents pour montrer 377 \u0153uvres. Apr\u00e8s l\u2019inauguration\nde cet \u00e9v\u00e9nement unique en son genre, nous avions rendez-vous dans\nle caf\u00e9 de Schreierstoren avec l\u2019organisateur et les artistes\npr\u00e9sents qui souhaitaient prolonger la f\u00eate.<\/p>\n\n\n\n<p>Nous sympathisons\navec un couple de belges et restons en leur compagnie toute la dur\u00e9e\nde cet ap\u00e9ritif d\u00eenatoire. Nous avons bien bu et tr\u00e8s bien mang\u00e9.\nMais il a fallu se s\u00e9parer, enfin quitter le caf\u00e9, plus exactement.\nJe ne voulais pas rentrer tout de suite \u00e0 la p\u00e9niche que nous\navions lou\u00e9e. Je voulais encore et encore errer dans les rues de la\ncapitale. Nous disons, donc, au revoir \u00e0 nos relations d\u2019une\nsoir\u00e9e.  \n<\/p>\n\n\n\n<p>Nous avons de la\nchance, la pluie a cess\u00e9 de tomber. Nous marchons tranquillement en\nd\u00e9briefant notre fin de journ\u00e9e. Nous sommes d\u2019accord sur le fait\nque c\u2019est quand m\u00eame incroyable d\u2019\u00eatre l\u00e0 ici et maintenant\napr\u00e8s tout ce chemin parcouru. Et \u00e0 la fois, la foule ce n\u2019est\npas mon truc. \n<\/p>\n\n\n\n<p>Nous arpentons les\nrues et avons presque perdu notre objectif de balade&nbsp;: retrouver\nla librairie am\u00e9ricaine. Nous n\u2019\u00e9tions pas loin. Nous d\u00e9cidons\nde notre emploi du temps pour le lendemain, dimanche. La chance que\nnous avons c\u2019est que 90&nbsp;% des boutiques que nous voulons voir\nsont ouvertes. Un dernier petit tour pour desso\u00fbler compl\u00e8tement et\ndirection le m\u00e9tro, puis le bus pour rentrer \u00e0 la \u00ab&nbsp;maison&nbsp;\u00bb.\nAlors forc\u00e9ment, ce n\u2019est pas le m\u00eame bus qu\u2019\u00e0 l\u2019aller, ni\nle m\u00eame chemin \u00e0 pied ensuite. Pas grave, nous improvisons. \n<\/p>\n\n\n\n<p>Il fait frisquet mais nous allons quand m\u00eame sur le ponton, juste devant notre fen\u00eatre, au bord de l\u2019eau. C\u2019est tr\u00e8s tr\u00e8s chouette, tr\u00e8s tr\u00e8s froid aussi ! Nous rentrons rapidement dans la chambre au chaud.<\/p>\n","protected":false},"excerpt":{"rendered":"<p>Huile sur carton entoil\u00e9 \u2013 18 x 24 cm \u2013 Original Le caf\u00e9 de Schreierstoren, construit au 15\u00e8me si\u00e8cle, \u00e9tait \u00e0 l&#8217;origine une partie de la ville m\u00e9di\u00e9vale d\u2019Amsterdam. Il doit son nom \u00e0 sa Tour qui \u00e9tait le spot o\u00f9 les femmes de marins disaient au revoir \u00e0 leurs maris avant leur d\u00e9part en [&hellip;]<\/p>\n","protected":false},"author":1,"featured_media":0,"comment_status":"open","ping_status":"open","sticky":false,"template":"","format":"standard","meta":[],"categories":[12],"tags":[],"_links":{"self":[{"href":"https:\/\/sidranne-artiste-peintre.fr\/index.php?rest_route=\/wp\/v2\/posts\/1884"}],"collection":[{"href":"https:\/\/sidranne-artiste-peintre.fr\/index.php?rest_route=\/wp\/v2\/posts"}],"about":[{"href":"https:\/\/sidranne-artiste-peintre.fr\/index.php?rest_route=\/wp\/v2\/types\/post"}],"author":[{"embeddable":true,"href":"https:\/\/sidranne-artiste-peintre.fr\/index.php?rest_route=\/wp\/v2\/users\/1"}],"replies":[{"embeddable":true,"href":"https:\/\/sidranne-artiste-peintre.fr\/index.php?rest_route=%2Fwp%2Fv2%2Fcomments&post=1884"}],"version-history":[{"count":2,"href":"https:\/\/sidranne-artiste-peintre.fr\/index.php?rest_route=\/wp\/v2\/posts\/1884\/revisions"}],"predecessor-version":[{"id":1887,"href":"https:\/\/sidranne-artiste-peintre.fr\/index.php?rest_route=\/wp\/v2\/posts\/1884\/revisions\/1887"}],"wp:attachment":[{"href":"https:\/\/sidranne-artiste-peintre.fr\/index.php?rest_route=%2Fwp%2Fv2%2Fmedia&parent=1884"}],"wp:term":[{"taxonomy":"category","embeddable":true,"href":"https:\/\/sidranne-artiste-peintre.fr\/index.php?rest_route=%2Fwp%2Fv2%2Fcategories&post=1884"},{"taxonomy":"post_tag","embeddable":true,"href":"https:\/\/sidranne-artiste-peintre.fr\/index.php?rest_route=%2Fwp%2Fv2%2Ftags&post=1884"}],"curies":[{"name":"wp","href":"https:\/\/api.w.org\/{rel}","templated":true}]}}