{"id":2011,"date":"2024-08-30T12:26:07","date_gmt":"2024-08-30T10:26:07","guid":{"rendered":"http:\/\/sidranne-artiste-peintre.fr\/?p=2011"},"modified":"2024-08-30T12:26:07","modified_gmt":"2024-08-30T10:26:07","slug":"europ-art-fair-amsterdam-du-6-au-8-septembre-2024","status":"publish","type":"post","link":"https:\/\/sidranne-artiste-peintre.fr\/?p=2011","title":{"rendered":"Europ Art Fair Amsterdam (du 6 au 8 septembre 2024)"},"content":{"rendered":"\n<figure class=\"wp-block-image\"><img decoding=\"async\" loading=\"lazy\" width=\"700\" height=\"400\" src=\"http:\/\/sidranne-artiste-peintre.fr\/wp-content\/uploads\/2024\/08\/CFA_2C_Amsterdam_ProofMySlide_C15-700x400.jpg\" alt=\"\" class=\"wp-image-2012\" srcset=\"https:\/\/sidranne-artiste-peintre.fr\/wp-content\/uploads\/2024\/08\/CFA_2C_Amsterdam_ProofMySlide_C15-700x400.jpg 700w, https:\/\/sidranne-artiste-peintre.fr\/wp-content\/uploads\/2024\/08\/CFA_2C_Amsterdam_ProofMySlide_C15-300x171.jpg 300w, https:\/\/sidranne-artiste-peintre.fr\/wp-content\/uploads\/2024\/08\/CFA_2C_Amsterdam_ProofMySlide_C15-768x439.jpg 768w, https:\/\/sidranne-artiste-peintre.fr\/wp-content\/uploads\/2024\/08\/CFA_2C_Amsterdam_ProofMySlide_C15-900x514.jpg 900w, https:\/\/sidranne-artiste-peintre.fr\/wp-content\/uploads\/2024\/08\/CFA_2C_Amsterdam_ProofMySlide_C15.jpg 1000w\" sizes=\"(max-width: 700px) 100vw, 700px\" \/><\/figure>\n\n\n\n<!--more-->\n\n\n\n<p>Sidranne a eu la chance de participer \u00e0 la 5\u00e8me \u00e9dition de l&#8217;Europ Art Fair Amsterdam par le biais du Circle Arts Digital Display avec &#8220;Un moulin vert dans un champ de tulipes&#8221; (Huile sur toile &#8211; 50&#215;61 cm).<\/p>\n\n\n\n<figure class=\"wp-block-image\"><img decoding=\"async\" loading=\"lazy\" width=\"700\" height=\"300\" src=\"http:\/\/sidranne-artiste-peintre.fr\/wp-content\/uploads\/2024\/08\/CFA_AMSC_2MyFlyer-2C11-700x300.jpg\" alt=\"\" class=\"wp-image-2013\" srcset=\"https:\/\/sidranne-artiste-peintre.fr\/wp-content\/uploads\/2024\/08\/CFA_AMSC_2MyFlyer-2C11-700x300.jpg 700w, https:\/\/sidranne-artiste-peintre.fr\/wp-content\/uploads\/2024\/08\/CFA_AMSC_2MyFlyer-2C11-300x129.jpg 300w, https:\/\/sidranne-artiste-peintre.fr\/wp-content\/uploads\/2024\/08\/CFA_AMSC_2MyFlyer-2C11-768x329.jpg 768w, https:\/\/sidranne-artiste-peintre.fr\/wp-content\/uploads\/2024\/08\/CFA_AMSC_2MyFlyer-2C11-900x386.jpg 900w, https:\/\/sidranne-artiste-peintre.fr\/wp-content\/uploads\/2024\/08\/CFA_AMSC_2MyFlyer-2C11.jpg 1000w\" sizes=\"(max-width: 700px) 100vw, 700px\" \/><\/figure>\n","protected":false},"excerpt":{"rendered":"","protected":false},"author":1,"featured_media":0,"comment_status":"open","ping_status":"open","sticky":false,"template":"","format":"standard","meta":[],"categories":[14],"tags":[],"_links":{"self":[{"href":"https:\/\/sidranne-artiste-peintre.fr\/index.php?rest_route=\/wp\/v2\/posts\/2011"}],"collection":[{"href":"https:\/\/sidranne-artiste-peintre.fr\/index.php?rest_route=\/wp\/v2\/posts"}],"about":[{"href":"https:\/\/sidranne-artiste-peintre.fr\/index.php?rest_route=\/wp\/v2\/types\/post"}],"author":[{"embeddable":true,"href":"https:\/\/sidranne-artiste-peintre.fr\/index.php?rest_route=\/wp\/v2\/users\/1"}],"replies":[{"embeddable":true,"href":"https:\/\/sidranne-artiste-peintre.fr\/index.php?rest_route=%2Fwp%2Fv2%2Fcomments&post=2011"}],"version-history":[{"count":1,"href":"https:\/\/sidranne-artiste-peintre.fr\/index.php?rest_route=\/wp\/v2\/posts\/2011\/revisions"}],"predecessor-version":[{"id":2014,"href":"https:\/\/sidranne-artiste-peintre.fr\/index.php?rest_route=\/wp\/v2\/posts\/2011\/revisions\/2014"}],"wp:attachment":[{"href":"https:\/\/sidranne-artiste-peintre.fr\/index.php?rest_route=%2Fwp%2Fv2%2Fmedia&parent=2011"}],"wp:term":[{"taxonomy":"category","embeddable":true,"href":"https:\/\/sidranne-artiste-peintre.fr\/index.php?rest_route=%2Fwp%2Fv2%2Fcategories&post=2011"},{"taxonomy":"post_tag","embeddable":true,"href":"https:\/\/sidranne-artiste-peintre.fr\/index.php?rest_route=%2Fwp%2Fv2%2Ftags&post=2011"}],"curies":[{"name":"wp","href":"https:\/\/api.w.org\/{rel}","templated":true}]}}