{"id":2118,"date":"2024-11-12T18:03:27","date_gmt":"2024-11-12T17:03:27","guid":{"rendered":"http:\/\/sidranne-artiste-peintre.fr\/?p=2118"},"modified":"2025-10-03T11:16:49","modified_gmt":"2025-10-03T09:16:49","slug":"un-matin-en-se-rendant-a-la-galerie","status":"publish","type":"post","link":"https:\/\/sidranne-artiste-peintre.fr\/?p=2118","title":{"rendered":"Un matin en se rendant \u00e0 la galerie"},"content":{"rendered":"\n<figure class=\"wp-block-image\"><img decoding=\"async\" loading=\"lazy\" width=\"700\" height=\"892\" src=\"http:\/\/sidranne-artiste-peintre.fr\/wp-content\/uploads\/2024\/11\/un_matin_en_se_rendant_galerie-700x892.jpg\" alt=\"\" class=\"wp-image-2119\" srcset=\"https:\/\/sidranne-artiste-peintre.fr\/wp-content\/uploads\/2024\/11\/un_matin_en_se_rendant_galerie-700x892.jpg 700w, https:\/\/sidranne-artiste-peintre.fr\/wp-content\/uploads\/2024\/11\/un_matin_en_se_rendant_galerie-236x300.jpg 236w, https:\/\/sidranne-artiste-peintre.fr\/wp-content\/uploads\/2024\/11\/un_matin_en_se_rendant_galerie-768x978.jpg 768w, https:\/\/sidranne-artiste-peintre.fr\/wp-content\/uploads\/2024\/11\/un_matin_en_se_rendant_galerie-900x1146.jpg 900w, https:\/\/sidranne-artiste-peintre.fr\/wp-content\/uploads\/2024\/11\/un_matin_en_se_rendant_galerie-1280x1630.jpg 1280w, https:\/\/sidranne-artiste-peintre.fr\/wp-content\/uploads\/2024\/11\/un_matin_en_se_rendant_galerie.jpg 1981w\" sizes=\"(max-width: 700px) 100vw, 700px\" \/><\/figure>\n\n\n\n<p style=\"text-align:center\" class=\"has-text-color has-vivid-red-color\"><em><strong>VENDU\ufeff<\/strong><\/em><\/p>\n\n\n\n<p><em>Huile sur carton entoil\u00e9 \u2013 24 x 18 cm \u2013 Original<\/em><\/p>\n\n\n\n<p>Nous sommes en septembre, la m\u00e9t\u00e9o est cl\u00e9mente. Le ciel est d\u2019un bleu flamboyant. Je suis avec une amie artiste et comme chaque matin, nous partons de la gare centrale pour nous rendre \u00e0 la galerie. Nous assurons l\u2019ouverture, c\u2019est important !<\/p>\n\n\n\n<!--more-->\n\n\n\n<p>Nous d\u00e9cidons\nchaque fois de la rue que nous allons emprunter pour rejoindre\nBerenstraat. Vous allez me dire qu\u2019il n\u2019y en a pas non plus des\ncentaines. Certes, n\u00e9anmoins, tous les chemins m\u00e8nent \u00e0 Rome et\nnous arrivons toujours \u00e0 d\u00e9couvrir de nouvelles rues avec les vues\nqui vont avec.<\/p>\n\n\n\n<p>Tout \u00e0 coup, je\nm\u2019arr\u00eate, je tourne la t\u00eate vers la droite et l\u00e0, qu\u2019est-ce\nque je vois \u2026. Cette vue&nbsp;! Celle-l\u00e0 m\u00eame que j\u2019ai peinte.\nJ\u2019\u00e9tais scotch\u00e9e. J\u2019ai sorti mon t\u00e9l\u00e9phone pour faire une\nphoto. En y r\u00e9fl\u00e9chissant, ce n\u2019est pas la premi\u00e8re fois que je\nvois cet endroit. Loin de l\u00e0, et pourtant c\u2019est comme si je le\nd\u00e9couvrais \u00e0 l\u2019instant. C\u2019est bizarre. Peut-\u00eatre que la\ncouleur du ciel est importante. Il est vrai que d\u00e8s qu\u2019il fait\nbeau, le monde est diff\u00e9rent. Le gris m\u2019inspire moins. c\u2019est\nd\u2019ailleurs toujours la couleur qui me guide et m\u2019apporte la joie.\n<\/p>\n\n\n\n<p>Une fois rentr\u00e9e en\nFrance, pour pr\u00e9parer l\u2019exposition suivante, je mets un point\nd\u2019honneur \u00e0 pr\u00e9senter de nouveaux tableaux. Je ne peux pas m\u2019en\nemp\u00eacher. Le choix est toujours difficile et d\u00e9licat. Je fais une\npremi\u00e8re s\u00e9lection. Il m\u2019arrive m\u00eame de demander \u00e0 mes\nfollowers d\u2019Instagram de me donner leur avis. Je laisse mijoter\nquelques jours. Ensuite, je r\u00e9duis cette s\u00e9lection. Parfois aussi\nje change d\u2019avis. Je vais m\u00eame jusqu\u2019\u00e0 faire le dessin et au\nmoment de peindre, je change d\u2019avis. Le choix de celui-ci s\u2019est\nimpos\u00e9. Il a \u00e9t\u00e9 le premier de mon trio \u00e0 s\u2019installer sur le\nchevalet. J\u2019\u00e9tais subjugu\u00e9e par ce grand trottoir qui m\u00e8ne vers\nle pont et d\u2019autres immeubles. Ce r\u00e9verb\u00e8re sur le c\u00f4t\u00e9 qui\nillumine la nuit, qui veille sur les passants. J\u2019ai une passion\npour les r\u00e9verb\u00e8res. J\u2019adore les peindre. J\u2019ai volontairement\nchoisi des couleurs douces, pastels pour guider l\u2019\u0153il petit \u00e0\npetit sur la toile. \n<\/p>\n\n\n\n<p>Toutes les histoires\nsont possibles dans ce tableau. Dans les autres aussi, mais celui-ci\nparticuli\u00e8rement. Chaque passant appara\u00eet tel un fant\u00f4me,\natemporel. Il y a une centaine d\u2019ann\u00e9es et aussi dans un centaine\nd\u2019ann\u00e9es, le paysage ne sera pas bien diff\u00e9rent. Laissons-nous\nglisser et r\u00eaver. \n<\/p>\n","protected":false},"excerpt":{"rendered":"<p>VENDU\ufeff Huile sur carton entoil\u00e9 \u2013 24 x 18 cm \u2013 Original Nous sommes en septembre, la m\u00e9t\u00e9o est cl\u00e9mente. Le ciel est d\u2019un bleu flamboyant. Je suis avec une amie artiste et comme chaque matin, nous partons de la gare centrale pour nous rendre \u00e0 la galerie. Nous assurons l\u2019ouverture, c\u2019est important !<\/p>\n","protected":false},"author":1,"featured_media":0,"comment_status":"open","ping_status":"open","sticky":false,"template":"","format":"standard","meta":[],"categories":[12],"tags":[],"_links":{"self":[{"href":"https:\/\/sidranne-artiste-peintre.fr\/index.php?rest_route=\/wp\/v2\/posts\/2118"}],"collection":[{"href":"https:\/\/sidranne-artiste-peintre.fr\/index.php?rest_route=\/wp\/v2\/posts"}],"about":[{"href":"https:\/\/sidranne-artiste-peintre.fr\/index.php?rest_route=\/wp\/v2\/types\/post"}],"author":[{"embeddable":true,"href":"https:\/\/sidranne-artiste-peintre.fr\/index.php?rest_route=\/wp\/v2\/users\/1"}],"replies":[{"embeddable":true,"href":"https:\/\/sidranne-artiste-peintre.fr\/index.php?rest_route=%2Fwp%2Fv2%2Fcomments&post=2118"}],"version-history":[{"count":2,"href":"https:\/\/sidranne-artiste-peintre.fr\/index.php?rest_route=\/wp\/v2\/posts\/2118\/revisions"}],"predecessor-version":[{"id":2318,"href":"https:\/\/sidranne-artiste-peintre.fr\/index.php?rest_route=\/wp\/v2\/posts\/2118\/revisions\/2318"}],"wp:attachment":[{"href":"https:\/\/sidranne-artiste-peintre.fr\/index.php?rest_route=%2Fwp%2Fv2%2Fmedia&parent=2118"}],"wp:term":[{"taxonomy":"category","embeddable":true,"href":"https:\/\/sidranne-artiste-peintre.fr\/index.php?rest_route=%2Fwp%2Fv2%2Fcategories&post=2118"},{"taxonomy":"post_tag","embeddable":true,"href":"https:\/\/sidranne-artiste-peintre.fr\/index.php?rest_route=%2Fwp%2Fv2%2Ftags&post=2118"}],"curies":[{"name":"wp","href":"https:\/\/api.w.org\/{rel}","templated":true}]}}