{"id":2134,"date":"2024-12-05T20:54:16","date_gmt":"2024-12-05T19:54:16","guid":{"rendered":"http:\/\/sidranne-artiste-peintre.fr\/?p=2134"},"modified":"2024-12-05T20:54:16","modified_gmt":"2024-12-05T19:54:16","slug":"pop-up-store-a-amsterdam-du-26-novembre-au-2-decembre-2024","status":"publish","type":"post","link":"https:\/\/sidranne-artiste-peintre.fr\/?p=2134","title":{"rendered":"Pop-up store \u00e0 Amsterdam (du 26 novembre au 2 d\u00e9cembre 2024)"},"content":{"rendered":"\n<figure class=\"wp-block-image\"><img decoding=\"async\" loading=\"lazy\" width=\"700\" height=\"700\" src=\"http:\/\/sidranne-artiste-peintre.fr\/wp-content\/uploads\/2024\/12\/Flyer-700x700.jpg\" alt=\"\" class=\"wp-image-2135\" srcset=\"https:\/\/sidranne-artiste-peintre.fr\/wp-content\/uploads\/2024\/12\/Flyer-700x700.jpg 700w, https:\/\/sidranne-artiste-peintre.fr\/wp-content\/uploads\/2024\/12\/Flyer-150x150.jpg 150w, https:\/\/sidranne-artiste-peintre.fr\/wp-content\/uploads\/2024\/12\/Flyer-300x300.jpg 300w, https:\/\/sidranne-artiste-peintre.fr\/wp-content\/uploads\/2024\/12\/Flyer-768x768.jpg 768w, https:\/\/sidranne-artiste-peintre.fr\/wp-content\/uploads\/2024\/12\/Flyer-88x88.jpg 88w, https:\/\/sidranne-artiste-peintre.fr\/wp-content\/uploads\/2024\/12\/Flyer-900x900.jpg 900w, https:\/\/sidranne-artiste-peintre.fr\/wp-content\/uploads\/2024\/12\/Flyer.jpg 1080w\" sizes=\"(max-width: 700px) 100vw, 700px\" \/><\/figure>\n\n\n\n<p>Sidranne a eu la chance de participer \u00e0 une exposition collective dans    un pop-up store \u00e0 Amsterdam (Prinsengracht, 234F), organis\u00e9e par <a rel=\"noreferrer noopener\" href=\"https:\/\/www.theartcycle.fr\/artiste\/germain_henneka\" target=\"_blank\">Germain Henneka<\/a><\/p>\n\n\n\n<!--more-->\n\n\n\n<figure class=\"wp-block-image\"><img decoding=\"async\" loading=\"lazy\" width=\"700\" height=\"1244\" src=\"http:\/\/sidranne-artiste-peintre.fr\/wp-content\/uploads\/2024\/12\/IMG-20241120-WA0009-700x1244.jpg\" alt=\"\" class=\"wp-image-2136\" srcset=\"https:\/\/sidranne-artiste-peintre.fr\/wp-content\/uploads\/2024\/12\/IMG-20241120-WA0009-700x1244.jpg 700w, https:\/\/sidranne-artiste-peintre.fr\/wp-content\/uploads\/2024\/12\/IMG-20241120-WA0009-169x300.jpg 169w, https:\/\/sidranne-artiste-peintre.fr\/wp-content\/uploads\/2024\/12\/IMG-20241120-WA0009-768x1365.jpg 768w, https:\/\/sidranne-artiste-peintre.fr\/wp-content\/uploads\/2024\/12\/IMG-20241120-WA0009-900x1600.jpg 900w, https:\/\/sidranne-artiste-peintre.fr\/wp-content\/uploads\/2024\/12\/IMG-20241120-WA0009.jpg 1152w\" sizes=\"(max-width: 700px) 100vw, 700px\" \/><\/figure>\n","protected":false},"excerpt":{"rendered":"<p>Sidranne a eu la chance de participer \u00e0 une exposition collective dans un pop-up store \u00e0 Amsterdam (Prinsengracht, 234F), organis\u00e9e par Germain Henneka<\/p>\n","protected":false},"author":1,"featured_media":0,"comment_status":"open","ping_status":"open","sticky":false,"template":"","format":"standard","meta":[],"categories":[14],"tags":[],"_links":{"self":[{"href":"https:\/\/sidranne-artiste-peintre.fr\/index.php?rest_route=\/wp\/v2\/posts\/2134"}],"collection":[{"href":"https:\/\/sidranne-artiste-peintre.fr\/index.php?rest_route=\/wp\/v2\/posts"}],"about":[{"href":"https:\/\/sidranne-artiste-peintre.fr\/index.php?rest_route=\/wp\/v2\/types\/post"}],"author":[{"embeddable":true,"href":"https:\/\/sidranne-artiste-peintre.fr\/index.php?rest_route=\/wp\/v2\/users\/1"}],"replies":[{"embeddable":true,"href":"https:\/\/sidranne-artiste-peintre.fr\/index.php?rest_route=%2Fwp%2Fv2%2Fcomments&post=2134"}],"version-history":[{"count":1,"href":"https:\/\/sidranne-artiste-peintre.fr\/index.php?rest_route=\/wp\/v2\/posts\/2134\/revisions"}],"predecessor-version":[{"id":2137,"href":"https:\/\/sidranne-artiste-peintre.fr\/index.php?rest_route=\/wp\/v2\/posts\/2134\/revisions\/2137"}],"wp:attachment":[{"href":"https:\/\/sidranne-artiste-peintre.fr\/index.php?rest_route=%2Fwp%2Fv2%2Fmedia&parent=2134"}],"wp:term":[{"taxonomy":"category","embeddable":true,"href":"https:\/\/sidranne-artiste-peintre.fr\/index.php?rest_route=%2Fwp%2Fv2%2Fcategories&post=2134"},{"taxonomy":"post_tag","embeddable":true,"href":"https:\/\/sidranne-artiste-peintre.fr\/index.php?rest_route=%2Fwp%2Fv2%2Ftags&post=2134"}],"curies":[{"name":"wp","href":"https:\/\/api.w.org\/{rel}","templated":true}]}}