{"id":2242,"date":"2025-04-12T18:07:49","date_gmt":"2025-04-12T16:07:49","guid":{"rendered":"http:\/\/sidranne-artiste-peintre.fr\/?p=2242"},"modified":"2025-04-12T19:19:45","modified_gmt":"2025-04-12T17:19:45","slug":"les-animaux-fantastiques-tome3","status":"publish","type":"post","link":"https:\/\/sidranne-artiste-peintre.fr\/?p=2242","title":{"rendered":"Les animaux fantastiques (Tome 3)"},"content":{"rendered":"\n<figure class=\"wp-block-image\"><img decoding=\"async\" loading=\"lazy\" width=\"700\" height=\"694\" src=\"http:\/\/sidranne-artiste-peintre.fr\/wp-content\/uploads\/2025\/04\/animaux_fantastiques_T3-700x694.jpg\" alt=\"\" class=\"wp-image-2243\" srcset=\"https:\/\/sidranne-artiste-peintre.fr\/wp-content\/uploads\/2025\/04\/animaux_fantastiques_T3-700x694.jpg 700w, https:\/\/sidranne-artiste-peintre.fr\/wp-content\/uploads\/2025\/04\/animaux_fantastiques_T3-150x150.jpg 150w, https:\/\/sidranne-artiste-peintre.fr\/wp-content\/uploads\/2025\/04\/animaux_fantastiques_T3-300x297.jpg 300w, https:\/\/sidranne-artiste-peintre.fr\/wp-content\/uploads\/2025\/04\/animaux_fantastiques_T3-768x761.jpg 768w, https:\/\/sidranne-artiste-peintre.fr\/wp-content\/uploads\/2025\/04\/animaux_fantastiques_T3-88x88.jpg 88w, https:\/\/sidranne-artiste-peintre.fr\/wp-content\/uploads\/2025\/04\/animaux_fantastiques_T3-900x892.jpg 900w, https:\/\/sidranne-artiste-peintre.fr\/wp-content\/uploads\/2025\/04\/animaux_fantastiques_T3-1280x1269.jpg 1280w\" sizes=\"(max-width: 700px) 100vw, 700px\" \/><\/figure>\n\n\n\n<p><em>Acrylique sur toile \u2013 20 x 20 cm \u2013 Original<\/em><\/p>\n\n\n\n<p>Les animaux tiennent une place tr\u00e8s particuli\u00e8re dans mon c\u0153ur, dans ma vie. Ils sont ma vie. Je termine cette trilogie artistique avec le dernier volet qui met en sc\u00e8ne un rapace, un renard et un humain. \u00c0 ce stade, je ne sais pas si l\u2019humain est un homme ou une femme. Cela n\u2019a aucune importance \u00e0 mes yeux. Je vous laisse choisir.  <\/p>\n\n\n\n<!--more-->\n\n\n\n<p>C\u2019est\ndonc l\u2019histoire d\u2019un rapace qui a tr\u00e8s tr\u00e8s envie de changer de\nvie. Il souhaite devenir quelqu\u2019un d\u2019autre. Il en a assez de\nvoler dans le ciel perp\u00e9tuellement. Voir la terre d\u2019en haut c\u2019est\nbien, c\u2019est super, c\u2019est magnifique. Mais parfois le vent est\ntrop fort, les temp\u00eates sont ravageuses. Non, il est temps de\ndescendre sur terre, enfin.<\/p>\n\n\n\n<p>Un\nmatin alors qu\u2019il d\u00e9gourdit ses ailes, il croise une ombre blanche\nqui lui fait face. On dirait bien un humain. Mais que fait-il dans le\nciel&nbsp;? Qu\u2019importe, il est l\u00e0, c\u2019est un signe. Le rapace a\nl\u2019audace de lui adresser la parole. Il lui fait part de son souhait\nde changer de vie et lui demande la proc\u00e9dure \u00e0 suivre pour\nr\u00e9aliser son r\u00eave. Tout naturellement, l\u2019humain lui r\u00e9pond qu\u2019il\nn\u2019a qu\u2019\u00e0 choisir dans quel corps il veut vivre sur la terre\nferme et d\u00e8s le lendemain il se r\u00e9veillera en bas. Finie la vie en\nhaut&nbsp;! Cela para\u00eet si simple, presque trop simple d\u2019ailleurs.\n<\/p>\n\n\n\n<p>Avant\nde s\u2019endormir, il choisit un animal qui l\u2019intrigue depuis\ntoujours, qu\u2019il trouve magnifique avec sa fourrure rousse qui\nressort l\u2019hiver lorsqu\u2019il a neig\u00e9. La nuit s\u2019\u00e9coule, le matin\npointe son nez, il ouvre un \u0153il et \u2026<\/p>\n\n\n\n<p>Miracle,\nil est sur la terre ferme, il a quatre pattes et son pelage roux est\nde toute beaut\u00e9. Ce qu\u2019il est heureux, mais tellement heureux. Il\nn\u2019aurait jamais cru un jour \u00eatre aussi heureux. \n<\/p>\n\n\n\n<p>Il\ns\u2019habitue \u00e0 sa nouvelle apparence. Ses premiers pas sont\nchancelants. Il ignore tout de la vie d\u2019un renard. O\u00f9 il vit, ce\nqu\u2019il mange, comment il communique \u2026 Alors qu\u2019il commence \u00e0\n\u00eatre pris de panique, il aper\u00e7oit, au loin, un autre renard, comme\nlui, un peu plus rond, peut-\u00eatre, mais qui a un regard franc et\nsympathique. Ce dernier engage imm\u00e9diatement la conversation. Il\nr\u00e9ussit \u00e0 lui r\u00e9pondre spontan\u00e9ment. Quelle belle surprise.<\/p>\n\n\n\n<p>Si,\npar hasard, vous croisez deux renards qui sont toujours ensemble, il\nest fort probable que &#8230;<\/p>\n","protected":false},"excerpt":{"rendered":"<p>Acrylique sur toile \u2013 20 x 20 cm \u2013 Original Les animaux tiennent une place tr\u00e8s particuli\u00e8re dans mon c\u0153ur, dans ma vie. Ils sont ma vie. Je termine cette trilogie artistique avec le dernier volet qui met en sc\u00e8ne un rapace, un renard et un humain. \u00c0 ce stade, je ne sais pas si [&hellip;]<\/p>\n","protected":false},"author":1,"featured_media":0,"comment_status":"open","ping_status":"open","sticky":false,"template":"","format":"standard","meta":[],"categories":[20],"tags":[],"_links":{"self":[{"href":"https:\/\/sidranne-artiste-peintre.fr\/index.php?rest_route=\/wp\/v2\/posts\/2242"}],"collection":[{"href":"https:\/\/sidranne-artiste-peintre.fr\/index.php?rest_route=\/wp\/v2\/posts"}],"about":[{"href":"https:\/\/sidranne-artiste-peintre.fr\/index.php?rest_route=\/wp\/v2\/types\/post"}],"author":[{"embeddable":true,"href":"https:\/\/sidranne-artiste-peintre.fr\/index.php?rest_route=\/wp\/v2\/users\/1"}],"replies":[{"embeddable":true,"href":"https:\/\/sidranne-artiste-peintre.fr\/index.php?rest_route=%2Fwp%2Fv2%2Fcomments&post=2242"}],"version-history":[{"count":2,"href":"https:\/\/sidranne-artiste-peintre.fr\/index.php?rest_route=\/wp\/v2\/posts\/2242\/revisions"}],"predecessor-version":[{"id":2290,"href":"https:\/\/sidranne-artiste-peintre.fr\/index.php?rest_route=\/wp\/v2\/posts\/2242\/revisions\/2290"}],"wp:attachment":[{"href":"https:\/\/sidranne-artiste-peintre.fr\/index.php?rest_route=%2Fwp%2Fv2%2Fmedia&parent=2242"}],"wp:term":[{"taxonomy":"category","embeddable":true,"href":"https:\/\/sidranne-artiste-peintre.fr\/index.php?rest_route=%2Fwp%2Fv2%2Fcategories&post=2242"},{"taxonomy":"post_tag","embeddable":true,"href":"https:\/\/sidranne-artiste-peintre.fr\/index.php?rest_route=%2Fwp%2Fv2%2Ftags&post=2242"}],"curies":[{"name":"wp","href":"https:\/\/api.w.org\/{rel}","templated":true}]}}