{"id":2278,"date":"2025-04-12T18:28:34","date_gmt":"2025-04-12T16:28:34","guid":{"rendered":"http:\/\/sidranne-artiste-peintre.fr\/?p=2278"},"modified":"2025-04-12T18:28:34","modified_gmt":"2025-04-12T16:28:34","slug":"lapocalypse","status":"publish","type":"post","link":"https:\/\/sidranne-artiste-peintre.fr\/?p=2278","title":{"rendered":"L&#8217;Apocalypse"},"content":{"rendered":"\n<figure class=\"wp-block-image\"><img decoding=\"async\" loading=\"lazy\" width=\"700\" height=\"579\" src=\"http:\/\/sidranne-artiste-peintre.fr\/wp-content\/uploads\/2025\/04\/apocalypse-700x579.jpg\" alt=\"\" class=\"wp-image-2279\" srcset=\"https:\/\/sidranne-artiste-peintre.fr\/wp-content\/uploads\/2025\/04\/apocalypse-700x579.jpg 700w, https:\/\/sidranne-artiste-peintre.fr\/wp-content\/uploads\/2025\/04\/apocalypse-300x248.jpg 300w, https:\/\/sidranne-artiste-peintre.fr\/wp-content\/uploads\/2025\/04\/apocalypse-768x635.jpg 768w, https:\/\/sidranne-artiste-peintre.fr\/wp-content\/uploads\/2025\/04\/apocalypse-900x745.jpg 900w, https:\/\/sidranne-artiste-peintre.fr\/wp-content\/uploads\/2025\/04\/apocalypse-1280x1059.jpg 1280w\" sizes=\"(max-width: 700px) 100vw, 700px\" \/><\/figure>\n\n\n\n<p><em>Acrylique sur toile \u2013 24 x 30 cm \u2013 Original<\/em><\/p>\n\n\n\n<p>\u00c9tymologiquement, le mot \u00ab apocalypse \u00bb est la transcription du terme grec \u1f00\u03c0\u03bf\u03ba\u03ac\u03bb\u03c5\u03c8\u03b9\u03c2 \/ <em>apok\u00e1lupsis<\/em> signifiant \u00ab\u00a0d\u00e9voilement\u00a0\u00bb ou, dans le vocabulaire religieux, \u00ab\u00a0r\u00e9v\u00e9lation\u00a0\u00bb. Mais au fil des si\u00e8cles, il s\u2019est fort \u00e9loign\u00e9 de son sens premier pour d\u00e9sormais \u00e9voquer une catastrophe massive et violente.  <\/p>\n\n\n\n<!--more-->\n\n\n\n<p>L\u2019Apocalypse, je l\u2019imagine volontiers comme un\n\u00eatre vivant qui soudain appara\u00eet, na\u00eet de la terre nourrici\u00e8re et\nse bat pour se frayer un passage entre l\u2019eau, le ciel, la\nv\u00e9g\u00e9tation. Autant d\u2019\u00e9l\u00e9ments rassurants et effrayants. Mais il\nne le faut pas. Chacun a sa place. Cet \u00eatre plein de vie, habit\u00e9\npar le feu comme l\u2019indique sa couleur, ne se laissera pas marcher\nsur les pieds. Au diable la puissance de ses a\u00een\u00e9s, il ne c\u00e9dera\npas et trouvera son chemin. \n<\/p>\n\n\n\n<p>En attendant, il se hisse sur la pointe de ses\npieds, il pousse \u00e0 droite, il pousse \u00e0 gauche en faisant usage de\nses bras d\u2019une force hercul\u00e9enne. Il ne souhaite \u00e9craser\npersonne. Il veut juste exister, \u00eatre parmi l\u2019univers entier et\ntout ce que cela implique. Le monde des visibles et des invisibles\npeut tout \u00e0 fait se c\u00f4toyer en toute simplicit\u00e9, en toute\ncamaraderie peut-\u00eatre, ou pas. Inutile d\u2019aller jusque l\u00e0. \n<\/p>\n\n\n\n<p>Il d\u00e9gage une telle aura, une telle \u00e9nergie que\nforc\u00e9ment, il va se passer un truc. Mais quoi&nbsp;? C\u2019est \u00e0\nchacun de l\u2019imaginer, de se glisser dans les couleurs et les\nformes. De, pourquoi pas, tourner le tableau dans tous les sens et\nd\u2019y apercevoir quelque chose de nouveau, d\u2019insolite, de\nparticulier, de bizarre. Osez, osons aller dans cette voie. Je l\u2019ai\nfait, et \u2026<\/p>\n\n\n\n<p>J\u2019y ai vu ceci&nbsp;: un chevalier en armure\navec son poing serr\u00e9, presque mena\u00e7ant. Il fixe une femme dont le\nvisage est \u00e0 moiti\u00e9 dissimul\u00e9 par une large capuche. Elle ferme\nles yeux, elle semble sereine. Peut-\u00eatre souhaite t-elle apaiser le\ncourroux \u00e9vident du chevalier qui lui fait face. Et entre ces deux\npersonnages, le visage d\u2019une petite fille, un m\u00e9lange de couleurs\nentre les deux autres personnages pr\u00e9sents. Elle apporte\nl\u2019\u00e9quilibre, la paix, le renouveau, l\u2019esp\u00e9rance, la vie, la\ndouceur.<\/p>\n\n\n\n<p>Le feu, la col\u00e8re de l\u2019Apocalypse vont\nforc\u00e9ment s\u2019apaiser \u00e0 la vue de cette r\u00e9v\u00e9lation. Cette enfant\nn\u2019est pas l\u00e0 par hasard. Nous avons tous une mission, eux aussi&nbsp;!\nIl faut juste se laisser guider, laisser faire pour que l\u2019harmonie\nsoudain jaillisse. \n<\/p>\n\n\n\n<p>L\u2019Apocalyse le sait, l\u2019a compris&nbsp;!<\/p>\n","protected":false},"excerpt":{"rendered":"<p>Acrylique sur toile \u2013 24 x 30 cm \u2013 Original \u00c9tymologiquement, le mot \u00ab apocalypse \u00bb est la transcription du terme grec \u1f00\u03c0\u03bf\u03ba\u03ac\u03bb\u03c5\u03c8\u03b9\u03c2 \/ apok\u00e1lupsis signifiant \u00ab\u00a0d\u00e9voilement\u00a0\u00bb ou, dans le vocabulaire religieux, \u00ab\u00a0r\u00e9v\u00e9lation\u00a0\u00bb. Mais au fil des si\u00e8cles, il s\u2019est fort \u00e9loign\u00e9 de son sens premier pour d\u00e9sormais \u00e9voquer une catastrophe massive et violente.<\/p>\n","protected":false},"author":1,"featured_media":0,"comment_status":"open","ping_status":"open","sticky":false,"template":"","format":"standard","meta":[],"categories":[20],"tags":[],"_links":{"self":[{"href":"https:\/\/sidranne-artiste-peintre.fr\/index.php?rest_route=\/wp\/v2\/posts\/2278"}],"collection":[{"href":"https:\/\/sidranne-artiste-peintre.fr\/index.php?rest_route=\/wp\/v2\/posts"}],"about":[{"href":"https:\/\/sidranne-artiste-peintre.fr\/index.php?rest_route=\/wp\/v2\/types\/post"}],"author":[{"embeddable":true,"href":"https:\/\/sidranne-artiste-peintre.fr\/index.php?rest_route=\/wp\/v2\/users\/1"}],"replies":[{"embeddable":true,"href":"https:\/\/sidranne-artiste-peintre.fr\/index.php?rest_route=%2Fwp%2Fv2%2Fcomments&post=2278"}],"version-history":[{"count":1,"href":"https:\/\/sidranne-artiste-peintre.fr\/index.php?rest_route=\/wp\/v2\/posts\/2278\/revisions"}],"predecessor-version":[{"id":2280,"href":"https:\/\/sidranne-artiste-peintre.fr\/index.php?rest_route=\/wp\/v2\/posts\/2278\/revisions\/2280"}],"wp:attachment":[{"href":"https:\/\/sidranne-artiste-peintre.fr\/index.php?rest_route=%2Fwp%2Fv2%2Fmedia&parent=2278"}],"wp:term":[{"taxonomy":"category","embeddable":true,"href":"https:\/\/sidranne-artiste-peintre.fr\/index.php?rest_route=%2Fwp%2Fv2%2Fcategories&post=2278"},{"taxonomy":"post_tag","embeddable":true,"href":"https:\/\/sidranne-artiste-peintre.fr\/index.php?rest_route=%2Fwp%2Fv2%2Ftags&post=2278"}],"curies":[{"name":"wp","href":"https:\/\/api.w.org\/{rel}","templated":true}]}}