{"id":2325,"date":"2025-10-03T13:35:17","date_gmt":"2025-10-03T11:35:17","guid":{"rendered":"http:\/\/sidranne-artiste-peintre.fr\/?p=2325"},"modified":"2025-10-03T13:35:17","modified_gmt":"2025-10-03T11:35:17","slug":"pop-up-store-a-amsterdam-du-8-au-14-septembre-2025","status":"publish","type":"post","link":"https:\/\/sidranne-artiste-peintre.fr\/?p=2325","title":{"rendered":"Pop-up store \u00e0 Amsterdam (du 8 au 14 septembre 2025)"},"content":{"rendered":"\n<figure class=\"wp-block-image\"><img decoding=\"async\" loading=\"lazy\" width=\"700\" height=\"700\" src=\"http:\/\/sidranne-artiste-peintre.fr\/wp-content\/uploads\/2025\/10\/BERENSTRAAT24-814-SEPT-2025-1-700x700.png\" alt=\"\" class=\"wp-image-2326\" srcset=\"https:\/\/sidranne-artiste-peintre.fr\/wp-content\/uploads\/2025\/10\/BERENSTRAAT24-814-SEPT-2025-1-700x700.png 700w, https:\/\/sidranne-artiste-peintre.fr\/wp-content\/uploads\/2025\/10\/BERENSTRAAT24-814-SEPT-2025-1-150x150.png 150w, https:\/\/sidranne-artiste-peintre.fr\/wp-content\/uploads\/2025\/10\/BERENSTRAAT24-814-SEPT-2025-1-300x300.png 300w, https:\/\/sidranne-artiste-peintre.fr\/wp-content\/uploads\/2025\/10\/BERENSTRAAT24-814-SEPT-2025-1-768x768.png 768w, https:\/\/sidranne-artiste-peintre.fr\/wp-content\/uploads\/2025\/10\/BERENSTRAAT24-814-SEPT-2025-1-88x88.png 88w, https:\/\/sidranne-artiste-peintre.fr\/wp-content\/uploads\/2025\/10\/BERENSTRAAT24-814-SEPT-2025-1-900x900.png 900w, https:\/\/sidranne-artiste-peintre.fr\/wp-content\/uploads\/2025\/10\/BERENSTRAAT24-814-SEPT-2025-1.png 1080w\" sizes=\"(max-width: 700px) 100vw, 700px\" \/><\/figure>\n\n\n\n<p>Sidranne a eu la chance de participer \u00e0 une exposition collective dans   un pop-up store \u00e0 Amsterdam (Berenstraat, 24), organis\u00e9e par <a rel=\"noreferrer noopener\" href=\"https:\/\/www.theartcycle.fr\/artiste\/germain_henneka\" target=\"_blank\">Germain Henneka<\/a><\/p>\n\n\n\n<!--more-->\n\n\n\n<figure class=\"wp-block-image\"><img decoding=\"async\" loading=\"lazy\" width=\"700\" height=\"525\" src=\"http:\/\/sidranne-artiste-peintre.fr\/wp-content\/uploads\/2025\/10\/IMG_20250908_182149-700x525.jpg\" alt=\"\" class=\"wp-image-2327\" srcset=\"https:\/\/sidranne-artiste-peintre.fr\/wp-content\/uploads\/2025\/10\/IMG_20250908_182149-700x525.jpg 700w, https:\/\/sidranne-artiste-peintre.fr\/wp-content\/uploads\/2025\/10\/IMG_20250908_182149-300x225.jpg 300w, https:\/\/sidranne-artiste-peintre.fr\/wp-content\/uploads\/2025\/10\/IMG_20250908_182149-768x576.jpg 768w, https:\/\/sidranne-artiste-peintre.fr\/wp-content\/uploads\/2025\/10\/IMG_20250908_182149-900x675.jpg 900w, https:\/\/sidranne-artiste-peintre.fr\/wp-content\/uploads\/2025\/10\/IMG_20250908_182149-1280x960.jpg 1280w\" sizes=\"(max-width: 700px) 100vw, 700px\" \/><\/figure>\n\n\n\n<figure class=\"wp-block-image\"><img decoding=\"async\" loading=\"lazy\" width=\"700\" height=\"525\" src=\"http:\/\/sidranne-artiste-peintre.fr\/wp-content\/uploads\/2025\/10\/IMG_20250913_162445-700x525.jpg\" alt=\"\" class=\"wp-image-2328\" srcset=\"https:\/\/sidranne-artiste-peintre.fr\/wp-content\/uploads\/2025\/10\/IMG_20250913_162445-700x525.jpg 700w, https:\/\/sidranne-artiste-peintre.fr\/wp-content\/uploads\/2025\/10\/IMG_20250913_162445-300x225.jpg 300w, https:\/\/sidranne-artiste-peintre.fr\/wp-content\/uploads\/2025\/10\/IMG_20250913_162445-768x576.jpg 768w, https:\/\/sidranne-artiste-peintre.fr\/wp-content\/uploads\/2025\/10\/IMG_20250913_162445-900x675.jpg 900w, https:\/\/sidranne-artiste-peintre.fr\/wp-content\/uploads\/2025\/10\/IMG_20250913_162445-1280x960.jpg 1280w\" sizes=\"(max-width: 700px) 100vw, 700px\" \/><\/figure>\n","protected":false},"excerpt":{"rendered":"<p>Sidranne a eu la chance de participer \u00e0 une exposition collective dans un pop-up store \u00e0 Amsterdam (Berenstraat, 24), organis\u00e9e par Germain Henneka<\/p>\n","protected":false},"author":1,"featured_media":0,"comment_status":"open","ping_status":"open","sticky":false,"template":"","format":"standard","meta":[],"categories":[14],"tags":[],"_links":{"self":[{"href":"https:\/\/sidranne-artiste-peintre.fr\/index.php?rest_route=\/wp\/v2\/posts\/2325"}],"collection":[{"href":"https:\/\/sidranne-artiste-peintre.fr\/index.php?rest_route=\/wp\/v2\/posts"}],"about":[{"href":"https:\/\/sidranne-artiste-peintre.fr\/index.php?rest_route=\/wp\/v2\/types\/post"}],"author":[{"embeddable":true,"href":"https:\/\/sidranne-artiste-peintre.fr\/index.php?rest_route=\/wp\/v2\/users\/1"}],"replies":[{"embeddable":true,"href":"https:\/\/sidranne-artiste-peintre.fr\/index.php?rest_route=%2Fwp%2Fv2%2Fcomments&post=2325"}],"version-history":[{"count":1,"href":"https:\/\/sidranne-artiste-peintre.fr\/index.php?rest_route=\/wp\/v2\/posts\/2325\/revisions"}],"predecessor-version":[{"id":2329,"href":"https:\/\/sidranne-artiste-peintre.fr\/index.php?rest_route=\/wp\/v2\/posts\/2325\/revisions\/2329"}],"wp:attachment":[{"href":"https:\/\/sidranne-artiste-peintre.fr\/index.php?rest_route=%2Fwp%2Fv2%2Fmedia&parent=2325"}],"wp:term":[{"taxonomy":"category","embeddable":true,"href":"https:\/\/sidranne-artiste-peintre.fr\/index.php?rest_route=%2Fwp%2Fv2%2Fcategories&post=2325"},{"taxonomy":"post_tag","embeddable":true,"href":"https:\/\/sidranne-artiste-peintre.fr\/index.php?rest_route=%2Fwp%2Fv2%2Ftags&post=2325"}],"curies":[{"name":"wp","href":"https:\/\/api.w.org\/{rel}","templated":true}]}}