{"id":243,"date":"2017-08-31T22:54:25","date_gmt":"2017-08-31T20:54:25","guid":{"rendered":"http:\/\/sidranne-artiste-peintre.fr\/?p=243"},"modified":"2017-11-04T23:20:18","modified_gmt":"2017-11-04T22:20:18","slug":"albrecht-durer","status":"publish","type":"post","link":"https:\/\/sidranne-artiste-peintre.fr\/?p=243","title":{"rendered":"Albrecht D\u00fcrer"},"content":{"rendered":"<p><img decoding=\"async\" loading=\"lazy\" class=\"size-medium wp-image-244 aligncenter\" src=\"http:\/\/sidranne-artiste-peintre.fr\/wp-content\/uploads\/2017\/08\/Durer-217x300.jpg\" alt=\"\" width=\"217\" height=\"300\" srcset=\"https:\/\/sidranne-artiste-peintre.fr\/wp-content\/uploads\/2017\/08\/Durer-217x300.jpg 217w, https:\/\/sidranne-artiste-peintre.fr\/wp-content\/uploads\/2017\/08\/Durer.jpg 260w\" sizes=\"(max-width: 217px) 100vw, 217px\" \/><\/p>\n<p>Albrecht D\u00fcrer (21 mai 1471 &#8211; 6 avril 1528), est un dessinateur, graveur et peintre allemand \u00e9galement connu comme th\u00e9oricien de la g\u00e9om\u00e9trie de la perspective lin\u00e9aire.<!--more-->Son p\u00e8re est orf\u00e8vre originaire de Hongrie, arriv\u00e9 \u00e0 Nuremberg en 1455 et sa m\u00e8re, fille d\u2019un orf\u00e8vre de Nuremberg. Son parrain, \u00e9galement orf\u00e8vre devenu imprimeur, \u00e9dita en 1493 La Chronique de Nuremberg. C\u2019est donc en toute logique de tradition familiale qu\u2019Albrecht D\u00fcrer d\u00e9bute son apprentissage \u00e0 l\u2019\u00e2ge de 13 ans en maniant le burin et la pointe. Dou\u00e9 pour le dessin, son p\u00e8re l\u2019autorise \u00e0 entrer dans l\u2019atelier d\u2019un peintre pour trois ans\u00a0: plume et pinceau, copie et dessin d\u2019apr\u00e8s nature, paysages \u00e0 l\u2019eau et \u00e0 l\u2019huile, gravure sur bois. Puis, il prend la route\u00a0: la France, l\u2019Italie avec des petites pauses \u00e0 Nuremberg. En 1507, il \u00e9tudie les langues et la g\u00e9om\u00e9trie. Il approfondit le th\u00e8me du corps humain. A partir de 1510, il produit surtout des gravures.<\/p>\n<p>Son voyage aux Pays-Bas \u00e0 partir de 1512 le conduit \u00e0 la cour de l\u2019empereur Maximilien 1<sup>er<\/sup> de Habsbourg. Il y re\u00e7oit une pension avec titre de noblesse.<\/p>\n<p>C\u00e9l\u00e8bre de son vivant, D\u00fcrer a \u00e9t\u00e9 d&#8217;autant plus encens\u00e9, apr\u00e8s sa mort, que les \u00e9coles italienne et hollandaise dominaient la peinture.<\/p>\n<p>Plus de soixante-dix tableaux, plus d&#8217;une centaine de gravures sur cuivre et environ deux cent cinquante gravures sur bois, plus d&#8217;un millier de dessins et trois livres imprim\u00e9s nous sont parvenus.<\/p>\n<p>Il meurt en 1528 et il est enterr\u00e9 dans le cimeti\u00e8re de Johanniskirchhof \u00e0 Nuremberg.<\/p>\n","protected":false},"excerpt":{"rendered":"<p>Albrecht D\u00fcrer (21 mai 1471 &#8211; 6 avril 1528), est un dessinateur, graveur et peintre allemand \u00e9galement connu comme th\u00e9oricien de la g\u00e9om\u00e9trie de la perspective lin\u00e9aire.<\/p>\n","protected":false},"author":1,"featured_media":0,"comment_status":"open","ping_status":"open","sticky":false,"template":"","format":"standard","meta":[],"categories":[13],"tags":[],"_links":{"self":[{"href":"https:\/\/sidranne-artiste-peintre.fr\/index.php?rest_route=\/wp\/v2\/posts\/243"}],"collection":[{"href":"https:\/\/sidranne-artiste-peintre.fr\/index.php?rest_route=\/wp\/v2\/posts"}],"about":[{"href":"https:\/\/sidranne-artiste-peintre.fr\/index.php?rest_route=\/wp\/v2\/types\/post"}],"author":[{"embeddable":true,"href":"https:\/\/sidranne-artiste-peintre.fr\/index.php?rest_route=\/wp\/v2\/users\/1"}],"replies":[{"embeddable":true,"href":"https:\/\/sidranne-artiste-peintre.fr\/index.php?rest_route=%2Fwp%2Fv2%2Fcomments&post=243"}],"version-history":[{"count":1,"href":"https:\/\/sidranne-artiste-peintre.fr\/index.php?rest_route=\/wp\/v2\/posts\/243\/revisions"}],"predecessor-version":[{"id":245,"href":"https:\/\/sidranne-artiste-peintre.fr\/index.php?rest_route=\/wp\/v2\/posts\/243\/revisions\/245"}],"wp:attachment":[{"href":"https:\/\/sidranne-artiste-peintre.fr\/index.php?rest_route=%2Fwp%2Fv2%2Fmedia&parent=243"}],"wp:term":[{"taxonomy":"category","embeddable":true,"href":"https:\/\/sidranne-artiste-peintre.fr\/index.php?rest_route=%2Fwp%2Fv2%2Fcategories&post=243"},{"taxonomy":"post_tag","embeddable":true,"href":"https:\/\/sidranne-artiste-peintre.fr\/index.php?rest_route=%2Fwp%2Fv2%2Ftags&post=243"}],"curies":[{"name":"wp","href":"https:\/\/api.w.org\/{rel}","templated":true}]}}