{"id":256,"date":"2017-08-31T23:03:35","date_gmt":"2017-08-31T21:03:35","guid":{"rendered":"http:\/\/sidranne-artiste-peintre.fr\/?p=256"},"modified":"2017-08-31T23:03:35","modified_gmt":"2017-08-31T21:03:35","slug":"camille-corot","status":"publish","type":"post","link":"https:\/\/sidranne-artiste-peintre.fr\/?p=256","title":{"rendered":"Camille Corot"},"content":{"rendered":"<p><img decoding=\"async\" loading=\"lazy\" class=\"size-medium wp-image-257 aligncenter\" src=\"http:\/\/sidranne-artiste-peintre.fr\/wp-content\/uploads\/2017\/08\/Jean-Baptiste_Camille_Corot-219x300.jpg\" alt=\"\" width=\"219\" height=\"300\" srcset=\"https:\/\/sidranne-artiste-peintre.fr\/wp-content\/uploads\/2017\/08\/Jean-Baptiste_Camille_Corot-219x300.jpg 219w, https:\/\/sidranne-artiste-peintre.fr\/wp-content\/uploads\/2017\/08\/Jean-Baptiste_Camille_Corot.jpg 220w\" sizes=\"(max-width: 219px) 100vw, 219px\" \/><\/p>\n<p>Jean-Baptiste Camille Corot (16 juillet 1796 &#8211; 22 f\u00e9vrier 1875) est un peintre et graveur fran\u00e7ais.<!--more-->Ses parents tiennent un magasin de mode r\u00e9put\u00e9 \u00e0 Paris. N\u2019ayant gu\u00e8re de go\u00fbt pour le commerce, Corot suit des cours de dessin le soir. Avec l\u2019aide de la rente annuelle de ses parents, il s\u2019installe dans son atelier. Il s\u2019initie aux principes du n\u00e9oclassicisme et r\u00e9alise de nombreux dessins en jouant avec le relief et la lumi\u00e8re. Il travaille en plein air, dans le village de Barbizon, entre autres.<\/p>\n<p>Pour compl\u00e9ter sa formation, il voyage en Italie\u00a0: Rome, Naples, Venise pour s\u2019adonner aux paysages italiens. Il parcourt \u00e9galement les provinces fran\u00e7aises \u00e0 la recherche de lieux parfaits et d\u2019architectures ad\u00e9quates.<\/p>\n<p>Il est inhum\u00e9 au cimeti\u00e8re du P\u00e8re-Lachaise (division 24).<\/p>\n<p>&nbsp;<\/p>\n<p>&nbsp;<\/p>\n<p><a name=\"_GoBack\"><\/a><br \/>\n&nbsp;<\/p>\n","protected":false},"excerpt":{"rendered":"<p>Jean-Baptiste Camille Corot (16 juillet 1796 &#8211; 22 f\u00e9vrier 1875) est un peintre et graveur fran\u00e7ais.<\/p>\n","protected":false},"author":1,"featured_media":0,"comment_status":"open","ping_status":"open","sticky":false,"template":"","format":"standard","meta":[],"categories":[13],"tags":[],"_links":{"self":[{"href":"https:\/\/sidranne-artiste-peintre.fr\/index.php?rest_route=\/wp\/v2\/posts\/256"}],"collection":[{"href":"https:\/\/sidranne-artiste-peintre.fr\/index.php?rest_route=\/wp\/v2\/posts"}],"about":[{"href":"https:\/\/sidranne-artiste-peintre.fr\/index.php?rest_route=\/wp\/v2\/types\/post"}],"author":[{"embeddable":true,"href":"https:\/\/sidranne-artiste-peintre.fr\/index.php?rest_route=\/wp\/v2\/users\/1"}],"replies":[{"embeddable":true,"href":"https:\/\/sidranne-artiste-peintre.fr\/index.php?rest_route=%2Fwp%2Fv2%2Fcomments&post=256"}],"version-history":[{"count":1,"href":"https:\/\/sidranne-artiste-peintre.fr\/index.php?rest_route=\/wp\/v2\/posts\/256\/revisions"}],"predecessor-version":[{"id":258,"href":"https:\/\/sidranne-artiste-peintre.fr\/index.php?rest_route=\/wp\/v2\/posts\/256\/revisions\/258"}],"wp:attachment":[{"href":"https:\/\/sidranne-artiste-peintre.fr\/index.php?rest_route=%2Fwp%2Fv2%2Fmedia&parent=256"}],"wp:term":[{"taxonomy":"category","embeddable":true,"href":"https:\/\/sidranne-artiste-peintre.fr\/index.php?rest_route=%2Fwp%2Fv2%2Fcategories&post=256"},{"taxonomy":"post_tag","embeddable":true,"href":"https:\/\/sidranne-artiste-peintre.fr\/index.php?rest_route=%2Fwp%2Fv2%2Ftags&post=256"}],"curies":[{"name":"wp","href":"https:\/\/api.w.org\/{rel}","templated":true}]}}