{"id":270,"date":"2017-08-31T23:12:08","date_gmt":"2017-08-31T21:12:08","guid":{"rendered":"http:\/\/sidranne-artiste-peintre.fr\/?p=270"},"modified":"2017-08-31T23:12:08","modified_gmt":"2017-08-31T21:12:08","slug":"odilon-redon","status":"publish","type":"post","link":"https:\/\/sidranne-artiste-peintre.fr\/?p=270","title":{"rendered":"Odilon Redon"},"content":{"rendered":"<p><img decoding=\"async\" loading=\"lazy\" class=\"size-medium wp-image-271 aligncenter\" src=\"http:\/\/sidranne-artiste-peintre.fr\/wp-content\/uploads\/2017\/08\/Odilon_Redon-206x300.jpg\" alt=\"\" width=\"206\" height=\"300\" srcset=\"https:\/\/sidranne-artiste-peintre.fr\/wp-content\/uploads\/2017\/08\/Odilon_Redon-206x300.jpg 206w, https:\/\/sidranne-artiste-peintre.fr\/wp-content\/uploads\/2017\/08\/Odilon_Redon.jpg 260w\" sizes=\"(max-width: 206px) 100vw, 206px\" \/><\/p>\n<p>Odilon Redon (20 avril 1840 &#8211; 6 juillet 1916) est un peintre et graveur fran\u00e7ais symboliste de la fin du XIXe si\u00e8cle. Son art explore les aspects de la pens\u00e9e, l&#8217;aspect sombre et \u00e9sot\u00e9rique de l&#8217;\u00e2me humaine, empreinte des m\u00e9canismes du r\u00eave.<!--more-->Vers l\u2019\u00e2ge de six ans, \u00ab en plein isolement de la campagne \u00bb, les fusains voient le jour, dans cette nature pleine de clair-obscur et de nuances.<\/p>\n<p>Il s\u2019en va \u00e0 travers champs, vignes et bois, observe, consid\u00e8re les ombres, appr\u00e9cie le contraste de la terre avec l&#8217;azur du ciel et de la lumi\u00e8re. \u00c0 sept ans, une vieille bonne le m\u00e8ne \u00e0 Paris pour quelques mois, il d\u00e9couvre les mus\u00e9es. Il d\u00e9cide d&#8217;\u00eatre artiste, sa famille y consent, il continue ses \u00e9tudes et prend des le\u00e7ons de dessin et d\u2019aquarelle avec son premier ma\u00eetre.<\/p>\n<p>Il y a une scission tr\u00e8s forte entre le d\u00e9but de son \u0153uvre et la fin. Pendant la premi\u00e8re moiti\u00e9 de sa vie, il est le peintre du noir, et ne cesse d&#8217;utiliser cette teinte. Son passage \u00e0 la couleur correspond \u00e0 la naissance de son premier fils.<\/p>\n<p>En 1886, Odilon Redon participe \u00e0 la huiti\u00e8me et derni\u00e8re exposition des impressionnistes.<\/p>\n<p>Il meurt le 6 juillet 1916, \u00e0 Paris. Une huile sur toile, La Vierge, reste inachev\u00e9e sur son chevalet. Il est inhum\u00e9 dans le petit cimeti\u00e8re de Bi\u00e8vres, l\u2019\u00ab \u00e2me du roi des mondes imaginaires \u00bb repose l\u00e0 sous une pierre tombale r\u00e9guli\u00e8rement fleurie.<\/p>\n<p>&nbsp;<\/p>\n<p>&nbsp;<\/p>\n<p>&nbsp;<\/p>\n","protected":false},"excerpt":{"rendered":"<p>Odilon Redon (20 avril 1840 &#8211; 6 juillet 1916) est un peintre et graveur fran\u00e7ais symboliste de la fin du XIXe si\u00e8cle. Son art explore les aspects de la pens\u00e9e, l&#8217;aspect sombre et \u00e9sot\u00e9rique de l&#8217;\u00e2me humaine, empreinte des m\u00e9canismes du r\u00eave.<\/p>\n","protected":false},"author":1,"featured_media":0,"comment_status":"open","ping_status":"open","sticky":false,"template":"","format":"standard","meta":[],"categories":[13],"tags":[],"_links":{"self":[{"href":"https:\/\/sidranne-artiste-peintre.fr\/index.php?rest_route=\/wp\/v2\/posts\/270"}],"collection":[{"href":"https:\/\/sidranne-artiste-peintre.fr\/index.php?rest_route=\/wp\/v2\/posts"}],"about":[{"href":"https:\/\/sidranne-artiste-peintre.fr\/index.php?rest_route=\/wp\/v2\/types\/post"}],"author":[{"embeddable":true,"href":"https:\/\/sidranne-artiste-peintre.fr\/index.php?rest_route=\/wp\/v2\/users\/1"}],"replies":[{"embeddable":true,"href":"https:\/\/sidranne-artiste-peintre.fr\/index.php?rest_route=%2Fwp%2Fv2%2Fcomments&post=270"}],"version-history":[{"count":1,"href":"https:\/\/sidranne-artiste-peintre.fr\/index.php?rest_route=\/wp\/v2\/posts\/270\/revisions"}],"predecessor-version":[{"id":272,"href":"https:\/\/sidranne-artiste-peintre.fr\/index.php?rest_route=\/wp\/v2\/posts\/270\/revisions\/272"}],"wp:attachment":[{"href":"https:\/\/sidranne-artiste-peintre.fr\/index.php?rest_route=%2Fwp%2Fv2%2Fmedia&parent=270"}],"wp:term":[{"taxonomy":"category","embeddable":true,"href":"https:\/\/sidranne-artiste-peintre.fr\/index.php?rest_route=%2Fwp%2Fv2%2Fcategories&post=270"},{"taxonomy":"post_tag","embeddable":true,"href":"https:\/\/sidranne-artiste-peintre.fr\/index.php?rest_route=%2Fwp%2Fv2%2Ftags&post=270"}],"curies":[{"name":"wp","href":"https:\/\/api.w.org\/{rel}","templated":true}]}}