{"id":316,"date":"2017-09-08T12:24:45","date_gmt":"2017-09-08T10:24:45","guid":{"rendered":"http:\/\/sidranne-artiste-peintre.fr\/?p=316"},"modified":"2019-07-31T16:15:11","modified_gmt":"2019-07-31T14:15:11","slug":"braquage-dune-bijouterie-au-havre","status":"publish","type":"post","link":"https:\/\/sidranne-artiste-peintre.fr\/?p=316","title":{"rendered":"Braquage d\u2019une bijouterie au Havre"},"content":{"rendered":"<p><img decoding=\"async\" loading=\"lazy\" class=\"size-medium wp-image-814 aligncenter\" src=\"http:\/\/sidranne-artiste-peintre.fr\/wp-content\/uploads\/2017\/09\/plage-300x229.jpg\" alt=\"\" width=\"300\" height=\"229\" srcset=\"https:\/\/sidranne-artiste-peintre.fr\/wp-content\/uploads\/2017\/09\/plage-300x229.jpg 300w, https:\/\/sidranne-artiste-peintre.fr\/wp-content\/uploads\/2017\/09\/plage-768x585.jpg 768w, https:\/\/sidranne-artiste-peintre.fr\/wp-content\/uploads\/2017\/09\/plage-700x533.jpg 700w, https:\/\/sidranne-artiste-peintre.fr\/wp-content\/uploads\/2017\/09\/plage-900x686.jpg 900w, https:\/\/sidranne-artiste-peintre.fr\/wp-content\/uploads\/2017\/09\/plage-1280x975.jpg 1280w\" sizes=\"(max-width: 300px) 100vw, 300px\" \/><\/p>\n<p><em>d&#8217;apr\u00e8s Eug\u00e8ne Boudin (1824-1898) &#8211;\u00a0Sc\u00e8ne de plage (1866) &#8211;\u00a0Mine de plomb\u00a0\/ Aquarelle &#8211; 16,5 x 24,5 cm &#8211; <span style=\"color: #ff0000;\"><strong>VENDU<\/strong><\/span><br \/>\n<\/em><\/p>\n<p>&#8211; Vous avez lu Le Havre Presse paru ce matin\u00a0?<br \/>\n&#8211; Non, je ne lis jamais les journaux, cela me donne la migraine. D\u2019ailleurs \u2026<br \/>\n&#8211; Oui, \u00e0 l\u2019h\u00f4tel ce matin, j\u2019y ai jet\u00e9 un \u0153il pendant mon petit d\u00e9jeuner. Je me suis br\u00fbl\u00e9 la langue avec leur caf\u00e9 beaucoup trop fort \u00e0 mon go\u00fbt.<!--more-->&#8211; Impossible d\u2019y \u00e9chapper, \u00e7a fait la une. Le gros titre est plus qu\u2019\u00e9vocateur\u00a0<i>Braquage d\u2019une bijouterie en plein centre ville<\/i>, avec des lettres immenses et une photo plut\u00f4t floue du magasin en question.<br \/>\n&#8211; Et que dit le journaliste\u00a0?<br \/>\n&#8211; Je croyais que cela ne t\u2019int\u00e9ressait pas\u00a0? Tu n\u2019as plus la migraine\u00a0?<br \/>\n&#8211; Je ne sais pas. Je n\u2019ai pas pris le temps de lire l\u2019article, mon chien Heliot avait vraiment besoin de sortir.<br \/>\n&#8211; D\u2019apr\u00e8s le journal, l\u2019\u00e9v\u00e9nement s\u2019est produit hier en fin d\u2019apr\u00e8s-midi. La boutique \u00e9tait vide. Puis trois hommes masqu\u00e9s et arm\u00e9s sont entr\u00e9s en mena\u00e7ant l\u2019employ\u00e9e et son patron. Ah, et le comptable \u00e9tait \u00e9galement pr\u00e9sent. Et puis, cela s\u2019est fait tr\u00e8s vite. Ils ont ouvert leurs sacs, ramass\u00e9 le plus de marchandise possible, vid\u00e9 la caisse qui ne contenait pas grand-chose, a priori, et\u00a0\u2026<br \/>\n&#8211; Ils sont incroyables ces journalistes. Quelques heures plus tard, et hop, ils sortent une histoire, bien all\u00e9chante, avec moult d\u00e9tails comme s\u2019ils avaient \u00e9t\u00e9 l\u00e0. Les coupables courent toujours, dans l\u2019absolu, est-ce vraiment des hommes\u00a0? Et pourquoi des femmes\u00a0?! Des victimes\u00a0? Est-ce que seulement \u2026<br \/>\n&#8211; Dis donc, pour quelqu\u2019un qui ne s\u2019int\u00e9resse pas \u00e0 ce qu\u2019il se passe autour d\u2019elle, je te trouve \u00e0 la fois bien sceptique et bien perspicace.<br \/>\n&#8211; En fait, si tu m\u2019avais laiss\u00e9 terminer ma phrase, tu saurais. Bref, donc, je reviens sur ce que je disais. Ils ont ouvert leurs sacs, ramass\u00e9 le plus de \u2026<br \/>\n&#8211; Oui, sauf que l\u00e0, tu te r\u00e9p\u00e8tes un petit peu. Je ne voudrais pas sembler impertinente, apr\u00e8s mon scepticisme et ma perspicacit\u00e9, mais si tu ne viens pas au fait, le soleil sera couch\u00e9 qu\u2019on n\u2019aura toujours l\u2019information. Alors\u00a0?<br \/>\n&#8211; Et dire que tu es ma petite s\u0153ur pr\u00e9f\u00e9r\u00e9e \u2026<br \/>\n&#8211; Bon, quand vous aurez termin\u00e9 avec vos querelles familiales, peut-\u00eatre que \u2026<br \/>\n&#8211; Ouh lala, mais c\u2019est qu\u2019on devient nerveux. On mordrait presque. En tout cas on aboie.<br \/>\n&#8211; Mais je vais te casser la g\u2026..<\/p>\n<p>&nbsp;<\/p>\n","protected":false},"excerpt":{"rendered":"<p>d&#8217;apr\u00e8s Eug\u00e8ne Boudin (1824-1898) &#8211;\u00a0Sc\u00e8ne de plage (1866) &#8211;\u00a0Mine de plomb\u00a0\/ Aquarelle &#8211; 16,5 x 24,5 cm &#8211; VENDU &#8211; Vous avez lu Le Havre Presse paru ce matin\u00a0? &#8211; Non, je ne lis jamais les journaux, cela me donne la migraine. D\u2019ailleurs \u2026 &#8211; Oui, \u00e0 l\u2019h\u00f4tel ce matin, j\u2019y ai jet\u00e9 un \u0153il [&hellip;]<\/p>\n","protected":false},"author":1,"featured_media":0,"comment_status":"open","ping_status":"open","sticky":false,"template":"","format":"standard","meta":[],"categories":[9],"tags":[],"_links":{"self":[{"href":"https:\/\/sidranne-artiste-peintre.fr\/index.php?rest_route=\/wp\/v2\/posts\/316"}],"collection":[{"href":"https:\/\/sidranne-artiste-peintre.fr\/index.php?rest_route=\/wp\/v2\/posts"}],"about":[{"href":"https:\/\/sidranne-artiste-peintre.fr\/index.php?rest_route=\/wp\/v2\/types\/post"}],"author":[{"embeddable":true,"href":"https:\/\/sidranne-artiste-peintre.fr\/index.php?rest_route=\/wp\/v2\/users\/1"}],"replies":[{"embeddable":true,"href":"https:\/\/sidranne-artiste-peintre.fr\/index.php?rest_route=%2Fwp%2Fv2%2Fcomments&post=316"}],"version-history":[{"count":5,"href":"https:\/\/sidranne-artiste-peintre.fr\/index.php?rest_route=\/wp\/v2\/posts\/316\/revisions"}],"predecessor-version":[{"id":815,"href":"https:\/\/sidranne-artiste-peintre.fr\/index.php?rest_route=\/wp\/v2\/posts\/316\/revisions\/815"}],"wp:attachment":[{"href":"https:\/\/sidranne-artiste-peintre.fr\/index.php?rest_route=%2Fwp%2Fv2%2Fmedia&parent=316"}],"wp:term":[{"taxonomy":"category","embeddable":true,"href":"https:\/\/sidranne-artiste-peintre.fr\/index.php?rest_route=%2Fwp%2Fv2%2Fcategories&post=316"},{"taxonomy":"post_tag","embeddable":true,"href":"https:\/\/sidranne-artiste-peintre.fr\/index.php?rest_route=%2Fwp%2Fv2%2Ftags&post=316"}],"curies":[{"name":"wp","href":"https:\/\/api.w.org\/{rel}","templated":true}]}}