{"id":330,"date":"2017-09-13T13:10:50","date_gmt":"2017-09-13T11:10:50","guid":{"rendered":"http:\/\/sidranne-artiste-peintre.fr\/?p=330"},"modified":"2022-09-22T16:55:27","modified_gmt":"2022-09-22T14:55:27","slug":"le-hollandais-volant","status":"publish","type":"post","link":"https:\/\/sidranne-artiste-peintre.fr\/?p=330","title":{"rendered":"Le Hollandais volant"},"content":{"rendered":"<p><img decoding=\"async\" loading=\"lazy\" class=\"size-medium wp-image-331 aligncenter\" src=\"http:\/\/sidranne-artiste-peintre.fr\/wp-content\/uploads\/2017\/09\/deux_navires-300x219.jpg\" alt=\"\" width=\"300\" height=\"219\" srcset=\"https:\/\/sidranne-artiste-peintre.fr\/wp-content\/uploads\/2017\/09\/deux_navires-300x219.jpg 300w, https:\/\/sidranne-artiste-peintre.fr\/wp-content\/uploads\/2017\/09\/deux_navires-700x510.jpg 700w, https:\/\/sidranne-artiste-peintre.fr\/wp-content\/uploads\/2017\/09\/deux_navires.jpg 729w\" sizes=\"(max-width: 300px) 100vw, 300px\" \/><\/p>\n<p><em>d&#8217;apr\u00e8s Johan Barthold Jongkind (1819-1891) &#8211; Deux navires de p\u00eache rang\u00e9s bord \u00e0 bord &#8211; Pierre noire \/ Aquarelle &#8211; 18 x 26,1 cm &#8211; <span style=\"color: #ff0000;\"><strong>VENDU<\/strong><\/span><br \/>\n<\/em><\/p>\n<p>&#8211; S\u2019il te pla\u00eet maman, raconte-moi encore l\u2019histoire du Hollandais volant. Juste une fois, la derni\u00e8re. Promis.<br \/>\n&#8211; Mais je te l\u2019ai d\u00e9j\u00e0 lu plus d\u2019une vingtaine de fois. Tu la connais par coeur. Non, en plus il est tard, tu as \u00e9cole demain et tu as eu deux histoires ce soir, \u00e7a suffit. Fais-moi un c\u00e2lin et au lit\u00a0!<br \/>\n&#8211; Oh maman nooonnn. Demain c\u2019est Tata nounou, tu sais bien. Je pourrai me reposer chez elle un petit peu si je veux. Allez, dis oui \u2026 Maman\u00a0!<br \/>\n&#8211; Bon d\u2019accord, mais c\u2019est la derni\u00e8re \u2026<br \/>\n&#8211; Oh merci maman, je t\u2019aime, je t\u2019aime, je t\u2019aime. Tu es la plus gentille des mamans.<!--more-->&#8211; Il \u00e9tait une fois un capitaine de navire aussi riche et puissant que cupide et cruel du nom de Van der Velde. Nous sommes en 1680, en plein hiver. Dans le c\u00e9l\u00e8bre port d\u2019Amsterdam, le navire \u00e0 la coque rutilante est amarr\u00e9 et n\u2019attend plus que son capitaine pr\u00e9f\u00e9r\u00e9 pour appareiller. Il doit se rendre \u00e0 Batavia en Indon\u00e9sie. C\u2019est finalement le jour du vendredi saint que le long voyage de plus de quatre mois d\u00e9bute. Les membres de l\u2019\u00e9quipage sont inquiets. Apr\u00e8s tout, le vendredi saint est une journ\u00e9e comme les autres. Ce ne sont l\u00e0 que des croyances religieuses.<\/p>\n<p>Puis, aux alentours du cap de Bonne-Esp\u00e9rance, une temp\u00eate d\u2019une violence inou\u00efe assaille le bateau pourtant aguerri aux pires conditions m\u00e9t\u00e9orologiques. Le tonnerre et les \u00e9clairs se succ\u00e8dent. Tous les marins sont sur le pont. Les voiles sont descendues et le capitaine ordonne de faire profil bas face \u00e0 ce terrible fl\u00e9au. Les vagues de plusieurs m\u00e8tres de haut submergent le pont dans un fracas assourdissant. Attach\u00e9s au m\u00e2t ou \u00e0 toute autres structure solide du navire, les hommes commencent \u00e0 prier. Le capitaine, Van der Velde, quant \u00e0 lui, se r\u00e9fugie dans sa cabine pour finir sa bouteille de whisky et invoquer les esprits. C\u2019est alors que la foudre s\u2019abat sur le navire et brise le m\u00e2t principal en deux. Juste avant de glisser dans les eaux sombres et glac\u00e9es, les hommes encore conscients ont le temps d\u2019apercevoir le diable rieur leur faire un signe de la main.<br \/>\n&#8211; Et depuis lors, le Hollandais volant hante les fonds marins tel un fant\u00f4me \u00e0 l\u2019aff\u00fbt de tout nouveau naufrage. Moi, quand je serai grand, je serai capitaine de bateau pirate.<\/p>\n<h3 class=\"western\"><\/h3>\n","protected":false},"excerpt":{"rendered":"<p>d&#8217;apr\u00e8s Johan Barthold Jongkind (1819-1891) &#8211; Deux navires de p\u00eache rang\u00e9s bord \u00e0 bord &#8211; Pierre noire \/ Aquarelle &#8211; 18 x 26,1 cm &#8211; VENDU &#8211; S\u2019il te pla\u00eet maman, raconte-moi encore l\u2019histoire du Hollandais volant. Juste une fois, la derni\u00e8re. Promis. &#8211; Mais je te l\u2019ai d\u00e9j\u00e0 lu plus d\u2019une vingtaine de fois. [&hellip;]<\/p>\n","protected":false},"author":1,"featured_media":0,"comment_status":"open","ping_status":"open","sticky":false,"template":"","format":"standard","meta":[],"categories":[8],"tags":[],"_links":{"self":[{"href":"https:\/\/sidranne-artiste-peintre.fr\/index.php?rest_route=\/wp\/v2\/posts\/330"}],"collection":[{"href":"https:\/\/sidranne-artiste-peintre.fr\/index.php?rest_route=\/wp\/v2\/posts"}],"about":[{"href":"https:\/\/sidranne-artiste-peintre.fr\/index.php?rest_route=\/wp\/v2\/types\/post"}],"author":[{"embeddable":true,"href":"https:\/\/sidranne-artiste-peintre.fr\/index.php?rest_route=\/wp\/v2\/users\/1"}],"replies":[{"embeddable":true,"href":"https:\/\/sidranne-artiste-peintre.fr\/index.php?rest_route=%2Fwp%2Fv2%2Fcomments&post=330"}],"version-history":[{"count":3,"href":"https:\/\/sidranne-artiste-peintre.fr\/index.php?rest_route=\/wp\/v2\/posts\/330\/revisions"}],"predecessor-version":[{"id":1459,"href":"https:\/\/sidranne-artiste-peintre.fr\/index.php?rest_route=\/wp\/v2\/posts\/330\/revisions\/1459"}],"wp:attachment":[{"href":"https:\/\/sidranne-artiste-peintre.fr\/index.php?rest_route=%2Fwp%2Fv2%2Fmedia&parent=330"}],"wp:term":[{"taxonomy":"category","embeddable":true,"href":"https:\/\/sidranne-artiste-peintre.fr\/index.php?rest_route=%2Fwp%2Fv2%2Fcategories&post=330"},{"taxonomy":"post_tag","embeddable":true,"href":"https:\/\/sidranne-artiste-peintre.fr\/index.php?rest_route=%2Fwp%2Fv2%2Ftags&post=330"}],"curies":[{"name":"wp","href":"https:\/\/api.w.org\/{rel}","templated":true}]}}