{"id":385,"date":"2017-11-15T20:46:56","date_gmt":"2017-11-15T19:46:56","guid":{"rendered":"http:\/\/sidranne-artiste-peintre.fr\/?p=385"},"modified":"2017-11-15T20:46:56","modified_gmt":"2017-11-15T19:46:56","slug":"andrea-del-sarto","status":"publish","type":"post","link":"https:\/\/sidranne-artiste-peintre.fr\/?p=385","title":{"rendered":"Andrea del Sarto"},"content":{"rendered":"<p><img decoding=\"async\" loading=\"lazy\" class=\"size-medium wp-image-386 aligncenter\" src=\"http:\/\/sidranne-artiste-peintre.fr\/wp-content\/uploads\/2017\/11\/andrea_del_sarto-226x300.jpeg\" alt=\"\" width=\"226\" height=\"300\" srcset=\"https:\/\/sidranne-artiste-peintre.fr\/wp-content\/uploads\/2017\/11\/andrea_del_sarto-226x300.jpeg 226w, https:\/\/sidranne-artiste-peintre.fr\/wp-content\/uploads\/2017\/11\/andrea_del_sarto.jpeg 260w\" sizes=\"(max-width: 226px) 100vw, 226px\" \/><\/p>\n<p>Andrea del Sarto (16 juillet 1486 \u2013 29 septembre 1530) est un peintre italien de la Haute Renaissance.<!--more-->Son p\u00e8re est tailleur et sa m\u00e8re, fille de tailleur. <span style=\"font-family: Liberation Serif, serif;\">\u00c0<\/span> l\u2019\u00e2ge de 7 ans, il devient apprenti d\u2019un orf\u00e8vre. Puis int\u00e8gre l\u2019atelier d\u2019un peintre et sculpteur sur bois. Toute sa jeunesse et durant son temps libre, il \u00e9tudie le carton de Michel-Ange pour La Bataille de Cascina et celui de L\u00e9onard pour La Bataille d\u2019Anghiari.<\/p>\n<p>Andrea ouvre un atelier avec un ami puis continue seul des \u0153uvres pour l\u2019\u00e9glise. Sa renomm\u00e9e en tant que dessinateur et son r\u00e9el talent lui viennent de l\u2019\u00e9tude de Michel-Ange.<\/p>\n<p>Il meurt de la peste en 1531, des suites du si\u00e8ge de Florence (1529-1530). Il est enterr\u00e9 dans le sol de la chapelle des peintres de la Santissima Annunziata avec quatorze autres artistes.<\/p>\n<p>&nbsp;<\/p>\n","protected":false},"excerpt":{"rendered":"<p>Andrea del Sarto (16 juillet 1486 \u2013 29 septembre 1530) est un peintre italien de la Haute Renaissance.<\/p>\n","protected":false},"author":1,"featured_media":0,"comment_status":"open","ping_status":"open","sticky":false,"template":"","format":"standard","meta":[],"categories":[13],"tags":[],"_links":{"self":[{"href":"https:\/\/sidranne-artiste-peintre.fr\/index.php?rest_route=\/wp\/v2\/posts\/385"}],"collection":[{"href":"https:\/\/sidranne-artiste-peintre.fr\/index.php?rest_route=\/wp\/v2\/posts"}],"about":[{"href":"https:\/\/sidranne-artiste-peintre.fr\/index.php?rest_route=\/wp\/v2\/types\/post"}],"author":[{"embeddable":true,"href":"https:\/\/sidranne-artiste-peintre.fr\/index.php?rest_route=\/wp\/v2\/users\/1"}],"replies":[{"embeddable":true,"href":"https:\/\/sidranne-artiste-peintre.fr\/index.php?rest_route=%2Fwp%2Fv2%2Fcomments&post=385"}],"version-history":[{"count":1,"href":"https:\/\/sidranne-artiste-peintre.fr\/index.php?rest_route=\/wp\/v2\/posts\/385\/revisions"}],"predecessor-version":[{"id":387,"href":"https:\/\/sidranne-artiste-peintre.fr\/index.php?rest_route=\/wp\/v2\/posts\/385\/revisions\/387"}],"wp:attachment":[{"href":"https:\/\/sidranne-artiste-peintre.fr\/index.php?rest_route=%2Fwp%2Fv2%2Fmedia&parent=385"}],"wp:term":[{"taxonomy":"category","embeddable":true,"href":"https:\/\/sidranne-artiste-peintre.fr\/index.php?rest_route=%2Fwp%2Fv2%2Fcategories&post=385"},{"taxonomy":"post_tag","embeddable":true,"href":"https:\/\/sidranne-artiste-peintre.fr\/index.php?rest_route=%2Fwp%2Fv2%2Ftags&post=385"}],"curies":[{"name":"wp","href":"https:\/\/api.w.org\/{rel}","templated":true}]}}