{"id":394,"date":"2017-11-17T22:47:50","date_gmt":"2017-11-17T21:47:50","guid":{"rendered":"http:\/\/sidranne-artiste-peintre.fr\/?p=394"},"modified":"2017-11-18T20:32:52","modified_gmt":"2017-11-18T19:32:52","slug":"villa-stivalis-novembre-2017","status":"publish","type":"post","link":"https:\/\/sidranne-artiste-peintre.fr\/?p=394","title":{"rendered":"Villa Stivalis &#8211; novembre 2017"},"content":{"rendered":"<p><img decoding=\"async\" loading=\"lazy\" class=\"size-medium wp-image-395 aligncenter\" src=\"http:\/\/sidranne-artiste-peintre.fr\/wp-content\/uploads\/2017\/11\/AfficheStivalis2017-206x300.jpg\" alt=\"\" width=\"206\" height=\"300\" srcset=\"https:\/\/sidranne-artiste-peintre.fr\/wp-content\/uploads\/2017\/11\/AfficheStivalis2017-206x300.jpg 206w, https:\/\/sidranne-artiste-peintre.fr\/wp-content\/uploads\/2017\/11\/AfficheStivalis2017-700x1021.jpg 700w, https:\/\/sidranne-artiste-peintre.fr\/wp-content\/uploads\/2017\/11\/AfficheStivalis2017.jpg 702w\" sizes=\"(max-width: 206px) 100vw, 206px\" \/><\/p>\n<p>Une nouvelle exposition pour l&#8217;Association des Ateliers du Moulin \u00e0 la Villa Stivalis de Chabris. <!--more-->Le vernissage \u00e9tait ce soir. Une tr\u00e8s belle exposition, quelle r\u00e9ussite ! Bravo \u00e0 Dominik la Pr\u00e9sidente et \u00e0 Annick, artiste peintre. Sans oublier les b\u00e9n\u00e9voles qui ont contribu\u00e9 \u00e0 toute l&#8217;organisation.<\/p>\n<p>J&#8217;ai la chance d&#8217;avoir quatre toiles expos\u00e9es :<br \/>\nL&#8217;ouverture de la chasse (Le Li\u00e8vre d&#8217;apr\u00e8s Albrecht D\u00fcrer), La D\u00e9esse Ath\u00e9na (La Chouette effraie d&#8217;apr\u00e8s Albrecht D\u00fcrer), Le Colvert (Un canard col-vert attach\u00e9 \u00e0 la muraille et une bigarade d&#8217;apr\u00e8s Jean-Simeon Chardin) et une cr\u00e9ation peinte \u00e0 l&#8217;atelier Un Champ de fleurs que je posterai sur le site d\u00e8s la fin de l&#8217;exposition.<\/p>\n<p><img decoding=\"async\" loading=\"lazy\" class=\"size-medium wp-image-400 aligncenter\" src=\"http:\/\/sidranne-artiste-peintre.fr\/wp-content\/uploads\/2017\/11\/IMG_20171118_114411-300x225.jpg\" alt=\"\" width=\"300\" height=\"225\" srcset=\"https:\/\/sidranne-artiste-peintre.fr\/wp-content\/uploads\/2017\/11\/IMG_20171118_114411-300x225.jpg 300w, https:\/\/sidranne-artiste-peintre.fr\/wp-content\/uploads\/2017\/11\/IMG_20171118_114411-768x576.jpg 768w, https:\/\/sidranne-artiste-peintre.fr\/wp-content\/uploads\/2017\/11\/IMG_20171118_114411-700x525.jpg 700w, https:\/\/sidranne-artiste-peintre.fr\/wp-content\/uploads\/2017\/11\/IMG_20171118_114411.jpg 847w\" sizes=\"(max-width: 300px) 100vw, 300px\" \/><\/p>\n<p>&nbsp;<\/p>\n<p>&nbsp;<\/p>\n<p>&nbsp;<\/p>\n","protected":false},"excerpt":{"rendered":"<p>Une nouvelle exposition pour l&#8217;Association des Ateliers du Moulin \u00e0 la Villa Stivalis de Chabris.<\/p>\n","protected":false},"author":1,"featured_media":0,"comment_status":"open","ping_status":"open","sticky":false,"template":"","format":"standard","meta":[],"categories":[14],"tags":[],"_links":{"self":[{"href":"https:\/\/sidranne-artiste-peintre.fr\/index.php?rest_route=\/wp\/v2\/posts\/394"}],"collection":[{"href":"https:\/\/sidranne-artiste-peintre.fr\/index.php?rest_route=\/wp\/v2\/posts"}],"about":[{"href":"https:\/\/sidranne-artiste-peintre.fr\/index.php?rest_route=\/wp\/v2\/types\/post"}],"author":[{"embeddable":true,"href":"https:\/\/sidranne-artiste-peintre.fr\/index.php?rest_route=\/wp\/v2\/users\/1"}],"replies":[{"embeddable":true,"href":"https:\/\/sidranne-artiste-peintre.fr\/index.php?rest_route=%2Fwp%2Fv2%2Fcomments&post=394"}],"version-history":[{"count":3,"href":"https:\/\/sidranne-artiste-peintre.fr\/index.php?rest_route=\/wp\/v2\/posts\/394\/revisions"}],"predecessor-version":[{"id":402,"href":"https:\/\/sidranne-artiste-peintre.fr\/index.php?rest_route=\/wp\/v2\/posts\/394\/revisions\/402"}],"wp:attachment":[{"href":"https:\/\/sidranne-artiste-peintre.fr\/index.php?rest_route=%2Fwp%2Fv2%2Fmedia&parent=394"}],"wp:term":[{"taxonomy":"category","embeddable":true,"href":"https:\/\/sidranne-artiste-peintre.fr\/index.php?rest_route=%2Fwp%2Fv2%2Fcategories&post=394"},{"taxonomy":"post_tag","embeddable":true,"href":"https:\/\/sidranne-artiste-peintre.fr\/index.php?rest_route=%2Fwp%2Fv2%2Ftags&post=394"}],"curies":[{"name":"wp","href":"https:\/\/api.w.org\/{rel}","templated":true}]}}