{"id":420,"date":"2017-12-07T18:40:19","date_gmt":"2017-12-07T17:40:19","guid":{"rendered":"http:\/\/sidranne-artiste-peintre.fr\/?p=420"},"modified":"2018-08-26T10:51:31","modified_gmt":"2018-08-26T08:51:31","slug":"la-corbeille-de-fruits","status":"publish","type":"post","link":"https:\/\/sidranne-artiste-peintre.fr\/?p=420","title":{"rendered":"La corbeille de fruits"},"content":{"rendered":"<p><img decoding=\"async\" loading=\"lazy\" class=\"size-medium wp-image-614 aligncenter\" src=\"http:\/\/sidranne-artiste-peintre.fr\/wp-content\/uploads\/2017\/12\/La_corbeille_de_fruits-300x254.jpg\" alt=\"\" width=\"300\" height=\"254\" srcset=\"https:\/\/sidranne-artiste-peintre.fr\/wp-content\/uploads\/2017\/12\/La_corbeille_de_fruits-300x254.jpg 300w, https:\/\/sidranne-artiste-peintre.fr\/wp-content\/uploads\/2017\/12\/La_corbeille_de_fruits-768x649.jpg 768w, https:\/\/sidranne-artiste-peintre.fr\/wp-content\/uploads\/2017\/12\/La_corbeille_de_fruits-700x592.jpg 700w, https:\/\/sidranne-artiste-peintre.fr\/wp-content\/uploads\/2017\/12\/La_corbeille_de_fruits-900x761.jpg 900w, https:\/\/sidranne-artiste-peintre.fr\/wp-content\/uploads\/2017\/12\/La_corbeille_de_fruits-1280x1082.jpg 1280w\" sizes=\"(max-width: 300px) 100vw, 300px\" \/><\/p>\n<p><em>d\u2019apr\u00e8s Michelangelo Merisi da Caravaggio (1571-1610) \u2013 Corbeille de fruits (vers 1593-1594) \u2013 Huile sur toile \u2013 38 x 46 cm<\/em><\/p>\n<p>Antoine est en retard. Encore\u00a0! Il avait promis. Est-ce sa faute \u00e0 lui si un illumin\u00e9 a mis un colis pi\u00e9g\u00e9 dans le m\u00e9tro\u00a0? Est-ce sa faute \u00e0 lui si du coup sa ligne de m\u00e9tro a \u00e9t\u00e9 arr\u00eat\u00e9 pour une dur\u00e9e ind\u00e9termin\u00e9e. Est-ce sa faute \u00e0 lui si finalement il doit quasiment faire tout le tour de Paris pour arriver \u00e0 destination\u00a0? Non, bien s\u00fbr que non. Il s\u2019est pos\u00e9 la question sur la possibilit\u00e9 de prendre un taxi, un uber\u00a0? Et puis, il s\u2019est dit qu\u2019\u00e0 cette heure-ci, veille de No\u00ebl, pluie vergla\u00e7ante \u2026 Il n\u2019aurait pas gagn\u00e9 de temps, bien au contraire.<!--more-->Quelle chambre d\u00e9j\u00e0\u00a0? Ce dont il est certain, c\u2019est qu\u2019elle est dans le service cardiologie. Il va devoir interroger une infirmi\u00e8re d\u00e8s son arriv\u00e9e \u00e0 l\u2019\u00e9tage ad\u00e9quat. Ce monde sur le quai \u2026 pourvu que son paquet ne soit pas trop ab\u00eem\u00e9 pendant le trajet \u2026 Quoi encore\u00a0? Lorsque le micro gr\u00e9sille, ce n\u2019est jamais bon. Une voix compl\u00e8tement inaudible hurle des informations certainement primordiales mais incompr\u00e9hensibles pour tous les passagers ici pr\u00e9sents. Les portes s\u2019ouvrent et un flot de voyageurs tentent d\u00e9sesp\u00e9r\u00e9ment de rentrer dans le wagon d\u2019ores et d\u00e9j\u00e0 bond\u00e9. Antoine n\u2019en peut plus. Prot\u00e9ger le paquet \u00e0 n\u2019importe quel prix.<\/p>\n<p>Lorsqu\u2019Antoine frappe enfin \u00e0 la porte de la chambre et qu\u2019il entend une petite voix famili\u00e8re lui r\u00e9pondre \u00ab\u00a0Entrez\u00a0!\u00a0\u00bb, il est soulag\u00e9. Il en pleurerait. Rose est l\u00e0. Le teint p\u00e2le, certes, mais le visage avenant et le sourire qui r\u00e9conforte. Lorsqu\u2019elle ouvre son paquet, elle est \u00e9mue, tr\u00e8s \u00e9mue. Une larme coule imperceptiblement, d\u00e9vale tout doucement sa joue gauche. L\u2019attention lui plait, c\u2019est \u00e9vident. Une corbeille remplie de fruits de saison et \u00e9gay\u00e9e de quelques feuilles. Gourmande, Rose va se r\u00e9galer.<\/p>\n<p>La grand-m\u00e8re et le petit fils \u00e9changent sur les \u00e9tudes du jeune homme, sur sa petite copine, aussi timide que jolie, sur ses prochaines vacances au ski au mois de f\u00e9vrier. Tout un tas de petites choses qui font oublier le quotidien, la maladie, les traitements douloureux, la mort qui r\u00f4de. C\u2019est l\u2019heure du plateau repas. Oh rien d\u2019extraordinaire mais Rose attend toujours cet instant avec grande impatience. Moins ce soir, elle a de la compagnie\u00a0!<\/p>\n<p>Au d\u00e9part d\u2019Antoine, en jetant un \u0153il sur la corbeille, la m\u00e9moire lui revient \u2026 Son tableau pr\u00e9f\u00e9r\u00e9 \u2026 Le Caravage\u00a0!<\/p>\n<p>&nbsp;<\/p>\n","protected":false},"excerpt":{"rendered":"<p>d\u2019apr\u00e8s Michelangelo Merisi da Caravaggio (1571-1610) \u2013 Corbeille de fruits (vers 1593-1594) \u2013 Huile sur toile \u2013 38 x 46 cm Antoine est en retard. Encore\u00a0! Il avait promis. Est-ce sa faute \u00e0 lui si un illumin\u00e9 a mis un colis pi\u00e9g\u00e9 dans le m\u00e9tro\u00a0? Est-ce sa faute \u00e0 lui si du coup sa ligne [&hellip;]<\/p>\n","protected":false},"author":1,"featured_media":0,"comment_status":"open","ping_status":"open","sticky":false,"template":"","format":"standard","meta":[],"categories":[6],"tags":[],"_links":{"self":[{"href":"https:\/\/sidranne-artiste-peintre.fr\/index.php?rest_route=\/wp\/v2\/posts\/420"}],"collection":[{"href":"https:\/\/sidranne-artiste-peintre.fr\/index.php?rest_route=\/wp\/v2\/posts"}],"about":[{"href":"https:\/\/sidranne-artiste-peintre.fr\/index.php?rest_route=\/wp\/v2\/types\/post"}],"author":[{"embeddable":true,"href":"https:\/\/sidranne-artiste-peintre.fr\/index.php?rest_route=\/wp\/v2\/users\/1"}],"replies":[{"embeddable":true,"href":"https:\/\/sidranne-artiste-peintre.fr\/index.php?rest_route=%2Fwp%2Fv2%2Fcomments&post=420"}],"version-history":[{"count":2,"href":"https:\/\/sidranne-artiste-peintre.fr\/index.php?rest_route=\/wp\/v2\/posts\/420\/revisions"}],"predecessor-version":[{"id":615,"href":"https:\/\/sidranne-artiste-peintre.fr\/index.php?rest_route=\/wp\/v2\/posts\/420\/revisions\/615"}],"wp:attachment":[{"href":"https:\/\/sidranne-artiste-peintre.fr\/index.php?rest_route=%2Fwp%2Fv2%2Fmedia&parent=420"}],"wp:term":[{"taxonomy":"category","embeddable":true,"href":"https:\/\/sidranne-artiste-peintre.fr\/index.php?rest_route=%2Fwp%2Fv2%2Fcategories&post=420"},{"taxonomy":"post_tag","embeddable":true,"href":"https:\/\/sidranne-artiste-peintre.fr\/index.php?rest_route=%2Fwp%2Fv2%2Ftags&post=420"}],"curies":[{"name":"wp","href":"https:\/\/api.w.org\/{rel}","templated":true}]}}