{"id":427,"date":"2017-12-13T18:44:35","date_gmt":"2017-12-13T17:44:35","guid":{"rendered":"http:\/\/sidranne-artiste-peintre.fr\/?p=427"},"modified":"2017-12-13T18:44:35","modified_gmt":"2017-12-13T17:44:35","slug":"vermeer","status":"publish","type":"post","link":"https:\/\/sidranne-artiste-peintre.fr\/?p=427","title":{"rendered":"Vermeer"},"content":{"rendered":"<p><img decoding=\"async\" loading=\"lazy\" class=\"size-full wp-image-428 aligncenter\" src=\"http:\/\/sidranne-artiste-peintre.fr\/wp-content\/uploads\/2017\/12\/vermeer.jpeg\" alt=\"\" width=\"246\" height=\"205\" \/><\/p>\n<p>Johannes ou Jan Van der Meer, dit Vermeer (31 octobre 1632 \u2013 15 d\u00e9cembre 1675) est un peintre baroque n\u00e9erlandais.<!--more-->On conna\u00eet tr\u00e8s peu de choses sur sa vie. Sa notori\u00e9t\u00e9 se limite \u00e0 la r\u00e9gion de son enfance avec peu de tableaux \u00e0 son actif (une \u00e9valuation de 45 toiles en vingt ans).<\/p>\n<p>Vermeer ne r\u00e9appara\u00eet que gr\u00e2ce au critique d\u2019art et journaliste Th\u00e9ophile Thor\u00e9-Burger qui lui consacre une s\u00e9rie d\u2019articles publi\u00e9s en 1866 dans la Gazette des beaux-arts. Soutenu par les hommages de peintres impressionnistes et d\u2019\u00e9crivains, tel Marcel Proust, Vermeer obtient le rang des ma\u00eetres du si\u00e8cle d\u2019or n\u00e9erlandais. Les deux \u0153uvres les plus c\u00e9l\u00e8bres sont La Jeune Fille \u00e0 la perle et La Laiti\u00e8re.<\/p>\n<p>Vermeer demeure le sp\u00e9cialiste des sc\u00e8nes de genre m\u00ealant myst\u00e8re et familiarit\u00e9 associant des couleurs uniques, une ma\u00eetrise parfaite de la lumi\u00e8re et de l\u2019espace et la reprise d\u2019\u00e9l\u00e9ments semblables d\u2019un tableau \u00e0 l\u2019autre.<\/p>\n<p>&nbsp;<\/p>\n","protected":false},"excerpt":{"rendered":"<p>Johannes ou Jan Van der Meer, dit Vermeer (31 octobre 1632 \u2013 15 d\u00e9cembre 1675) est un peintre baroque n\u00e9erlandais.<\/p>\n","protected":false},"author":1,"featured_media":0,"comment_status":"open","ping_status":"open","sticky":false,"template":"","format":"standard","meta":[],"categories":[13],"tags":[],"_links":{"self":[{"href":"https:\/\/sidranne-artiste-peintre.fr\/index.php?rest_route=\/wp\/v2\/posts\/427"}],"collection":[{"href":"https:\/\/sidranne-artiste-peintre.fr\/index.php?rest_route=\/wp\/v2\/posts"}],"about":[{"href":"https:\/\/sidranne-artiste-peintre.fr\/index.php?rest_route=\/wp\/v2\/types\/post"}],"author":[{"embeddable":true,"href":"https:\/\/sidranne-artiste-peintre.fr\/index.php?rest_route=\/wp\/v2\/users\/1"}],"replies":[{"embeddable":true,"href":"https:\/\/sidranne-artiste-peintre.fr\/index.php?rest_route=%2Fwp%2Fv2%2Fcomments&post=427"}],"version-history":[{"count":1,"href":"https:\/\/sidranne-artiste-peintre.fr\/index.php?rest_route=\/wp\/v2\/posts\/427\/revisions"}],"predecessor-version":[{"id":429,"href":"https:\/\/sidranne-artiste-peintre.fr\/index.php?rest_route=\/wp\/v2\/posts\/427\/revisions\/429"}],"wp:attachment":[{"href":"https:\/\/sidranne-artiste-peintre.fr\/index.php?rest_route=%2Fwp%2Fv2%2Fmedia&parent=427"}],"wp:term":[{"taxonomy":"category","embeddable":true,"href":"https:\/\/sidranne-artiste-peintre.fr\/index.php?rest_route=%2Fwp%2Fv2%2Fcategories&post=427"},{"taxonomy":"post_tag","embeddable":true,"href":"https:\/\/sidranne-artiste-peintre.fr\/index.php?rest_route=%2Fwp%2Fv2%2Ftags&post=427"}],"curies":[{"name":"wp","href":"https:\/\/api.w.org\/{rel}","templated":true}]}}