{"id":445,"date":"2018-01-03T10:26:53","date_gmt":"2018-01-03T09:26:53","guid":{"rendered":"http:\/\/sidranne-artiste-peintre.fr\/?p=445"},"modified":"2018-01-03T10:26:53","modified_gmt":"2018-01-03T09:26:53","slug":"les-falaises-detretat","status":"publish","type":"post","link":"https:\/\/sidranne-artiste-peintre.fr\/?p=445","title":{"rendered":"Les falaises d\u2019\u00c9tretat"},"content":{"rendered":"<p><img decoding=\"async\" loading=\"lazy\" class=\"size-medium wp-image-446 aligncenter\" src=\"http:\/\/sidranne-artiste-peintre.fr\/wp-content\/uploads\/2018\/01\/etretat_falaises-300x223.jpg\" alt=\"\" width=\"300\" height=\"223\" srcset=\"https:\/\/sidranne-artiste-peintre.fr\/wp-content\/uploads\/2018\/01\/etretat_falaises-300x223.jpg 300w, https:\/\/sidranne-artiste-peintre.fr\/wp-content\/uploads\/2018\/01\/etretat_falaises.jpg 605w\" sizes=\"(max-width: 300px) 100vw, 300px\" \/><\/p>\n<p><em>d\u2019apr\u00e8s\u00a0Johan Barthold Jongkind\u00a0(1819-1891) \u2013 Falaises d&#8217;Etretat (16 juin 1857) \u2013 Aquarelle \/ Pierre noire \u2013 18 x 23,8 cm<\/em><\/p>\n<p>\u00ab\u00a0Un peu avant 16 h 30 hier, un homme qui se trouvait sur la falaise d\u2019<span style=\"font-family: Liberation Serif, serif;\">\u00c9<\/span>tretat au niveau du Golf est tomb\u00e9. Son corps a \u00e9t\u00e9 r\u00e9cup\u00e9r\u00e9 sur l\u2019estran par une \u00e9quipe de sauvetage aquatique des sapeurs-pompiers. S\u2019agissant d\u2019une mort violente, le corps du d\u00e9funt, un homme de 57 ans, a \u00e9t\u00e9 laiss\u00e9 \u00e0 disposition de la gendarmerie pour les constatations d\u2019usage. Un t\u00e9moin de la sc\u00e8ne doit \u00eatre entendu par les militaires afin de d\u00e9terminer s\u2019il s\u2019agit d\u2019un accident ou d\u2019un acte volontaire. *\u00bb.<!--more-->Jules est assis sur une chaise bancale. Il n\u2019ose pas bouger de peur de faire trop de bruit et de se faire remarquer. Il d\u00e9teste \u00e7a. Un homme, certainement haut grad\u00e9 s\u2019il s\u2019en r\u00e9f\u00e8re aux m\u00e9dailles accroch\u00e9 sur son uniforme, se plante devant lui et lui demande d\u2019un ton ferme qui n\u2019admet pas de r\u00e9plique de le suivre sur-le-champ dans son bureau. Jules s\u2019ex\u00e9cute.<\/p>\n<p>Alors d\u00e9bute un interrogatoire cors\u00e9. Des questions courtes, pr\u00e9cises s\u2019encha\u00eenent. Jules dit une chose, \u00e0 la question suivante se contredit. Il est compl\u00e8tement d\u00e9stabilis\u00e9, perdu. C\u2019est vrai qu\u2019il n\u2019a pas pris ses m\u00e9dicaments ce matin avant de partir de chez lui. Sa m\u00e8re le lui a pourtant rappel\u00e9 au moins trois fois avant son deuxi\u00e8me caf\u00e9. Mais il oublie. Les vieux souvenirs, \u00e7a va. Encore que. Plong\u00e9 dans ses pens\u00e9es, Jules ne r\u00e9pond pas aux trois derni\u00e8res questions. Le militaire se met alors \u00e0 hurler mais l\u2019homme assis devant lui, le regard vague ne comprend plus, vraisemblablement. Il a d\u00fb y aller un peu trop fort, trop vite, trop loin. Il sort chercher un coll\u00e8gue pour l\u2019aider \u00e0 r\u00e9cup\u00e9rer \u00ab\u00a0ses conneries\u00a0\u00bb comme il dit toujours, une fois que c\u2019est trop tard. Mais cette fois, c\u2019est diff\u00e9rent. Est-ce son regard, le timbre de sa voix, sa mani\u00e8re de gigoter sur la chaise, sa jambe droite qui \u2026 il ne saurait dire mais ce type-l\u00e0, qu\u2019il cuisine depuis plus de trois heures maintenant lui cache un truc. Il en est certain. Qu\u2019est-ce qu\u2019un gars de 57 ans, qui habite encore chez sa m\u00e8re, sans un animal domestique, faisait sur les falaises\u00a0? Il dit qu\u2019il ne conna\u00eet pas la victime\u00a0? Ils sont voisins depuis la maternelle et ont \u00e9t\u00e9 \u00e0 l\u2019\u00e9cole ensemble jusqu\u2019au bac. Les meilleurs amis du monde si \u00e7a se trouve \u2026<\/p>\n<p>\u00ab\u00a0Je l\u2019ai pouss\u00e9, il m\u2019a \u00e9nerv\u00e9\u00a0\u00bb, Jules a enfin craqu\u00e9.<\/p>\n<p>*Source : Paris Normandie \/ Br\u00e8ves, publi\u00e9 le 22\/9\/2017<\/p>\n","protected":false},"excerpt":{"rendered":"<p>d\u2019apr\u00e8s\u00a0Johan Barthold Jongkind\u00a0(1819-1891) \u2013 Falaises d&#8217;Etretat (16 juin 1857) \u2013 Aquarelle \/ Pierre noire \u2013 18 x 23,8 cm \u00ab\u00a0Un peu avant 16 h 30 hier, un homme qui se trouvait sur la falaise d\u2019\u00c9tretat au niveau du Golf est tomb\u00e9. Son corps a \u00e9t\u00e9 r\u00e9cup\u00e9r\u00e9 sur l\u2019estran par une \u00e9quipe de sauvetage aquatique des [&hellip;]<\/p>\n","protected":false},"author":1,"featured_media":0,"comment_status":"open","ping_status":"open","sticky":false,"template":"","format":"standard","meta":[],"categories":[8],"tags":[],"_links":{"self":[{"href":"https:\/\/sidranne-artiste-peintre.fr\/index.php?rest_route=\/wp\/v2\/posts\/445"}],"collection":[{"href":"https:\/\/sidranne-artiste-peintre.fr\/index.php?rest_route=\/wp\/v2\/posts"}],"about":[{"href":"https:\/\/sidranne-artiste-peintre.fr\/index.php?rest_route=\/wp\/v2\/types\/post"}],"author":[{"embeddable":true,"href":"https:\/\/sidranne-artiste-peintre.fr\/index.php?rest_route=\/wp\/v2\/users\/1"}],"replies":[{"embeddable":true,"href":"https:\/\/sidranne-artiste-peintre.fr\/index.php?rest_route=%2Fwp%2Fv2%2Fcomments&post=445"}],"version-history":[{"count":1,"href":"https:\/\/sidranne-artiste-peintre.fr\/index.php?rest_route=\/wp\/v2\/posts\/445\/revisions"}],"predecessor-version":[{"id":447,"href":"https:\/\/sidranne-artiste-peintre.fr\/index.php?rest_route=\/wp\/v2\/posts\/445\/revisions\/447"}],"wp:attachment":[{"href":"https:\/\/sidranne-artiste-peintre.fr\/index.php?rest_route=%2Fwp%2Fv2%2Fmedia&parent=445"}],"wp:term":[{"taxonomy":"category","embeddable":true,"href":"https:\/\/sidranne-artiste-peintre.fr\/index.php?rest_route=%2Fwp%2Fv2%2Fcategories&post=445"},{"taxonomy":"post_tag","embeddable":true,"href":"https:\/\/sidranne-artiste-peintre.fr\/index.php?rest_route=%2Fwp%2Fv2%2Ftags&post=445"}],"curies":[{"name":"wp","href":"https:\/\/api.w.org\/{rel}","templated":true}]}}