{"id":472,"date":"2018-01-14T00:36:48","date_gmt":"2018-01-13T23:36:48","guid":{"rendered":"http:\/\/sidranne-artiste-peintre.fr\/?p=472"},"modified":"2018-01-15T08:55:19","modified_gmt":"2018-01-15T07:55:19","slug":"un-dimanche-matin","status":"publish","type":"post","link":"https:\/\/sidranne-artiste-peintre.fr\/?p=472","title":{"rendered":"Un dimanche matin"},"content":{"rendered":"<p><img decoding=\"async\" loading=\"lazy\" class=\"size-medium wp-image-473 aligncenter\" src=\"http:\/\/sidranne-artiste-peintre.fr\/wp-content\/uploads\/2018\/01\/bouquet_manet-171x300.jpg\" alt=\"\" width=\"171\" height=\"300\" srcset=\"https:\/\/sidranne-artiste-peintre.fr\/wp-content\/uploads\/2018\/01\/bouquet_manet-171x300.jpg 171w, https:\/\/sidranne-artiste-peintre.fr\/wp-content\/uploads\/2018\/01\/bouquet_manet-768x1344.jpg 768w, https:\/\/sidranne-artiste-peintre.fr\/wp-content\/uploads\/2018\/01\/bouquet_manet-700x1225.jpg 700w, https:\/\/sidranne-artiste-peintre.fr\/wp-content\/uploads\/2018\/01\/bouquet_manet-900x1575.jpg 900w, https:\/\/sidranne-artiste-peintre.fr\/wp-content\/uploads\/2018\/01\/bouquet_manet-1280x2239.jpg 1280w, https:\/\/sidranne-artiste-peintre.fr\/wp-content\/uploads\/2018\/01\/bouquet_manet.jpg 1761w\" sizes=\"(max-width: 171px) 100vw, 171px\" \/><\/p>\n<p><em>d\u2019apr\u00e8s Edouard Manet (1832-1883) \u2013 Oeillets et cl\u00e9matite dans un vase de cristal (vers 1882) \u2013 Pastel &#8211; 27 x 16 cm<br \/>\n<\/em><\/p>\n<p>Cela fait pile un an, d\u00e9j\u00e0. Il fait un temps magnifique. Le soleil est lev\u00e9 depuis plus de heures maintenant et la chaleur s\u2019engouffre imperceptiblement par la fen\u00eatre du salon demeur\u00e9e ouverte par inadvertance. Sophie aime a\u00e9rer la long\u00e8re tous les matins \u00e0 l\u2019aube en \u00e9t\u00e9 pour que la fra\u00eecheur de la nuit s\u2019immisce dans l\u2019espace \u00e9touffant des pi\u00e8ces au sud. Et puis d\u00e8s que l\u2019astre jaune appara\u00eet alors elle ferme les volets et toutes les ouvertures.<\/p>\n<p><!--more--><\/p>\n<p>Mais aujourd\u2019hui est un jour sp\u00e9cial. Cela fait pile un an, d\u00e9j\u00e0. Sophie est sortie de bonne heure pour faire un petit tour dans le jardin. Elle avait une mission bien pr\u00e9cise, cueillir des \u0153illets roses et une cl\u00e9matite bleue. Elle en raffolait. C\u2019\u00e9tait ses fleurs pr\u00e9f\u00e9r\u00e9es. Elle va ensuite les mettre dans un vase en cristal ad\u00e9quat, celui que sa tante lui avait offert pour son mariage, celui qu\u2019elle avait bien failli renverser et casser en mille morceaux un soir de col\u00e8re intense.<\/p>\n<p>La maison est maintenant dans la p\u00e9nombre, le vase tr\u00f4ne sur la table basse du petit salon, face \u00e0 la biblioth\u00e8que. Sophie est assise dans un fauteuil en cuir marron Chesterfield datant de son arri\u00e8re grand-p\u00e8re, tout lustr\u00e9 mais tellement confortable. Elle essaie de lire mais son \u0153il est irr\u00e9sistiblement attir\u00e9 par le vase et les fleurs coup\u00e9es. Cela fait pile un an, d\u00e9j\u00e0.<\/p>\n<p>La vieille comtoise sonne les douze coups de midi. Sophie n\u2019a pas vu l\u2019heure pass\u00e9e. Elle s\u2019est assoupie, le livre sur ses genoux, ouvert \u00e0 la m\u00eame page que la veille, celle avec le titre. Impossible d\u2019aller plus loin. Elle le lui avait offert pour son dix-huiti\u00e8me anniversaire. C\u2019\u00e9tait son livre pr\u00e9f\u00e9r\u00e9 lorsqu\u2019elle avait son \u00e2ge. C\u2019\u00e9tait Consuelo, la Comtesse de Rudolstadt de George Sand. Sophie ne d\u00e9sesp\u00e8re pas un jour \u2026 Cela fait pile un an, d\u00e9j\u00e0.<\/p>\n<p>Elle d\u00e9cide de se pr\u00e9parer un sandwich au jambon blanc avec deux tranches de pain de mie, de la mayonnaise et des cornichons. Un petit verre de vin rouge, un bordeaux, un bourgogne. Et pourquoi pas son vin pr\u00e9f\u00e9r\u00e9\u00a0? Un Saumur Champigny, un vin l\u00e9ger, sans pr\u00e9tention. Il en reste une toute derni\u00e8re bouteille, elle aurait aim\u00e9 que \u2026 Cela fait pile un an, d\u00e9j\u00e0.<\/p>\n<p>Les heures passent, les nuages d\u00e9filent, la lune se pointe. Bient\u00f4t la journ\u00e9e sera termin\u00e9e. Elle lui manque terriblement, atrocement et pourtant cela fait pile un an, d\u00e9j\u00e0.<\/p>\n<p>&nbsp;<\/p>\n","protected":false},"excerpt":{"rendered":"<p>d\u2019apr\u00e8s Edouard Manet (1832-1883) \u2013 Oeillets et cl\u00e9matite dans un vase de cristal (vers 1882) \u2013 Pastel &#8211; 27 x 16 cm Cela fait pile un an, d\u00e9j\u00e0. Il fait un temps magnifique. Le soleil est lev\u00e9 depuis plus de heures maintenant et la chaleur s\u2019engouffre imperceptiblement par la fen\u00eatre du salon demeur\u00e9e ouverte par [&hellip;]<\/p>\n","protected":false},"author":1,"featured_media":0,"comment_status":"open","ping_status":"open","sticky":false,"template":"","format":"standard","meta":[],"categories":[6],"tags":[],"_links":{"self":[{"href":"https:\/\/sidranne-artiste-peintre.fr\/index.php?rest_route=\/wp\/v2\/posts\/472"}],"collection":[{"href":"https:\/\/sidranne-artiste-peintre.fr\/index.php?rest_route=\/wp\/v2\/posts"}],"about":[{"href":"https:\/\/sidranne-artiste-peintre.fr\/index.php?rest_route=\/wp\/v2\/types\/post"}],"author":[{"embeddable":true,"href":"https:\/\/sidranne-artiste-peintre.fr\/index.php?rest_route=\/wp\/v2\/users\/1"}],"replies":[{"embeddable":true,"href":"https:\/\/sidranne-artiste-peintre.fr\/index.php?rest_route=%2Fwp%2Fv2%2Fcomments&post=472"}],"version-history":[{"count":3,"href":"https:\/\/sidranne-artiste-peintre.fr\/index.php?rest_route=\/wp\/v2\/posts\/472\/revisions"}],"predecessor-version":[{"id":476,"href":"https:\/\/sidranne-artiste-peintre.fr\/index.php?rest_route=\/wp\/v2\/posts\/472\/revisions\/476"}],"wp:attachment":[{"href":"https:\/\/sidranne-artiste-peintre.fr\/index.php?rest_route=%2Fwp%2Fv2%2Fmedia&parent=472"}],"wp:term":[{"taxonomy":"category","embeddable":true,"href":"https:\/\/sidranne-artiste-peintre.fr\/index.php?rest_route=%2Fwp%2Fv2%2Fcategories&post=472"},{"taxonomy":"post_tag","embeddable":true,"href":"https:\/\/sidranne-artiste-peintre.fr\/index.php?rest_route=%2Fwp%2Fv2%2Ftags&post=472"}],"curies":[{"name":"wp","href":"https:\/\/api.w.org\/{rel}","templated":true}]}}