{"id":520,"date":"2018-03-21T09:49:49","date_gmt":"2018-03-21T08:49:49","guid":{"rendered":"http:\/\/sidranne-artiste-peintre.fr\/?p=520"},"modified":"2018-03-21T09:50:57","modified_gmt":"2018-03-21T08:50:57","slug":"jeannette-et-muguette","status":"publish","type":"post","link":"https:\/\/sidranne-artiste-peintre.fr\/?p=520","title":{"rendered":"Jeannette et Muguette"},"content":{"rendered":"<p><img decoding=\"async\" loading=\"lazy\" class=\"size-medium wp-image-521 aligncenter\" src=\"http:\/\/sidranne-artiste-peintre.fr\/wp-content\/uploads\/2018\/03\/boeufs-300x237.jpg\" alt=\"\" width=\"300\" height=\"237\" srcset=\"https:\/\/sidranne-artiste-peintre.fr\/wp-content\/uploads\/2018\/03\/boeufs-300x237.jpg 300w, https:\/\/sidranne-artiste-peintre.fr\/wp-content\/uploads\/2018\/03\/boeufs.jpg 651w\" sizes=\"(max-width: 300px) 100vw, 300px\" \/><\/p>\n<p><em>d\u2019apr\u00e8s\u00a0Johan Barthold Jongkind\u00a0(1819-1891) \u2013\u00a0<\/em><span style=\"font-family: Liberation\\ Serif, serif;\">\u00c9<\/span>tude d\u2019attelage de b\u0153ufs et de paysans <em>\u2013\u00a0Pierre noire \/ Aquarelle \u2013 22,8 x 28,5 cm<\/em><\/p>\n<p>&#8211; \u00ab\u00a0Dis Jeannette, tu as envie de travailler toi\u00a0?\u00a0\u00bb<\/p>\n<p><!--more--><\/p>\n<p>&#8211; \u00ab\u00a0<span style=\"font-family: Liberation\\ Serif, serif;\">\u00c0<\/span> ton avis\u00a0ma petite Muguette\u00a0? Avec mon arthrose qui me torture et mes pieds plats. Comment veux-tu que je sois motiv\u00e9e\u00a0? Et notre retraite \u00e0 nous, c\u2019est quand\u00a0? Parce que tu vois, tout compte fait, les humains, eux, ils ont droit \u00e0 un petit quelque chose. Mais nous, nous\u00a0? Qui s\u2019en soucie\u00a0?\u00a0\u00bb<\/p>\n<p>&#8211; \u00ab\u00a0C\u2019est surtout que si on arr\u00eate de les servir, c\u2019est mort \u2026 Au sens propre comme au sens figur\u00e9\u00a0! J\u2019en discutais l\u2019autre jour avec notre voisine Primev\u00e8re. Sa propre cousine s\u2019est retrouv\u00e9e \u00e0 l\u2019abattoir parce qu\u2019elle s\u2019\u00e9tait tordue la cheville en sortant de la stabulation. C\u2019est sa faute \u00e0 elle si le pr\u00e9 n\u2019est que trou et bosse\u00a0?\u00a0\u00bb<\/p>\n<p>&#8211; \u00ab\u00a0Ah bon\u00a0? Je l\u2019ignorais. Mais tu vois, \u00e7a confirme en tous points ma th\u00e8se du Marche ou Cr\u00e8ve\u00a0! De l\u2019esclavage je vous dis. C\u2019est purement et simplement une honte. D\u2019ailleurs j\u2019ai d\u00e9cid\u00e9 de me mettre au r\u00e9gime d\u00e8s demain matin, aujourd\u2019hui c\u2019est granul\u00e9s et je ne voudrais pas rater ma derni\u00e8re ration de \u00ab\u00a0special treat\u00a0\u00bb. Hors de question\u00a0!\u00a0\u00bb<\/p>\n<p>&#8211; \u00ab\u00a0Comment \u00e7a tu vas te mettre au r\u00e9gime\u00a0? Et qu\u2019est-ce que \u00e7a va bien pouvoir changer \u00e0 ta vie\u00a0? <span style=\"font-family: Liberation\\ Serif, serif;\">\u00c0<\/span> part t\u2019affamer bien s\u00fbr et souffrir encore plus en tirant ces satan\u00e9es charrues en perdant tout muscle et toute force\u00a0? L\u00e0, je ne te suis pas du tout, mais alors pas du tout.\u00a0\u00bb<\/p>\n<p>&#8211; \u00ab\u00a0Je t\u2019explique ma petite Muguette. Tu vois, avec nos dix ans de diff\u00e9rence d\u2019\u00e2ge, tu ne vois pas la vie comme je la vois. Tu as encore tant d\u2019espoirs dans ta t\u00eate. Et malgr\u00e9 ce que t\u2019a racont\u00e9e Primev\u00e8re, tu ne comprends toujours pas\u00a0?\u00a0\u00bb<\/p>\n<p>&#8211; \u00ab\u00a0Bah non\u00a0! Certainement mon c\u00f4t\u00e9 na\u00eff de ma m\u00e8re qui refait surface\u00a0!\u00a0\u00bb<\/p>\n<p>&#8211; \u00ab\u00a0Je t\u2019explique, ma belle\u00a0! Si je n\u2019ai plus que la peau sur les os, certes, je ne vais plus leur servir \u00e0 rien et je serai surement conduite directement \u00e0 l\u2019abattoir mais \u2026. Et l\u00e0 c\u2019est mon atout final, ils ne feront pas chou gras de ma chair parce qu\u2019il n\u2019y aura pas de viande\u00a0!\u00a0\u00bb<\/p>\n<p>&#8211; \u00ab\u00a0Alors tu vois Jeannette, \u00e7a c\u2019est fut\u00e9\u00a0!\u00a0\u00bb<\/p>\n<p>&nbsp;<\/p>\n","protected":false},"excerpt":{"rendered":"<p>d\u2019apr\u00e8s\u00a0Johan Barthold Jongkind\u00a0(1819-1891) \u2013\u00a0\u00c9tude d\u2019attelage de b\u0153ufs et de paysans \u2013\u00a0Pierre noire \/ Aquarelle \u2013 22,8 x 28,5 cm &#8211; \u00ab\u00a0Dis Jeannette, tu as envie de travailler toi\u00a0?\u00a0\u00bb<\/p>\n","protected":false},"author":1,"featured_media":0,"comment_status":"open","ping_status":"open","sticky":false,"template":"","format":"standard","meta":[],"categories":[5],"tags":[],"_links":{"self":[{"href":"https:\/\/sidranne-artiste-peintre.fr\/index.php?rest_route=\/wp\/v2\/posts\/520"}],"collection":[{"href":"https:\/\/sidranne-artiste-peintre.fr\/index.php?rest_route=\/wp\/v2\/posts"}],"about":[{"href":"https:\/\/sidranne-artiste-peintre.fr\/index.php?rest_route=\/wp\/v2\/types\/post"}],"author":[{"embeddable":true,"href":"https:\/\/sidranne-artiste-peintre.fr\/index.php?rest_route=\/wp\/v2\/users\/1"}],"replies":[{"embeddable":true,"href":"https:\/\/sidranne-artiste-peintre.fr\/index.php?rest_route=%2Fwp%2Fv2%2Fcomments&post=520"}],"version-history":[{"count":3,"href":"https:\/\/sidranne-artiste-peintre.fr\/index.php?rest_route=\/wp\/v2\/posts\/520\/revisions"}],"predecessor-version":[{"id":524,"href":"https:\/\/sidranne-artiste-peintre.fr\/index.php?rest_route=\/wp\/v2\/posts\/520\/revisions\/524"}],"wp:attachment":[{"href":"https:\/\/sidranne-artiste-peintre.fr\/index.php?rest_route=%2Fwp%2Fv2%2Fmedia&parent=520"}],"wp:term":[{"taxonomy":"category","embeddable":true,"href":"https:\/\/sidranne-artiste-peintre.fr\/index.php?rest_route=%2Fwp%2Fv2%2Fcategories&post=520"},{"taxonomy":"post_tag","embeddable":true,"href":"https:\/\/sidranne-artiste-peintre.fr\/index.php?rest_route=%2Fwp%2Fv2%2Ftags&post=520"}],"curies":[{"name":"wp","href":"https:\/\/api.w.org\/{rel}","templated":true}]}}