{"id":564,"date":"2018-06-13T09:26:36","date_gmt":"2018-06-13T07:26:36","guid":{"rendered":"http:\/\/sidranne-artiste-peintre.fr\/?p=564"},"modified":"2018-06-13T10:09:04","modified_gmt":"2018-06-13T08:09:04","slug":"le-lilas-blanc","status":"publish","type":"post","link":"https:\/\/sidranne-artiste-peintre.fr\/?p=564","title":{"rendered":"Le lilas blanc"},"content":{"rendered":"<p><img decoding=\"async\" loading=\"lazy\" class=\"size-medium wp-image-565 aligncenter\" src=\"http:\/\/sidranne-artiste-peintre.fr\/wp-content\/uploads\/2018\/06\/lilas_blancs-180x300.jpg\" alt=\"\" width=\"180\" height=\"300\" srcset=\"https:\/\/sidranne-artiste-peintre.fr\/wp-content\/uploads\/2018\/06\/lilas_blancs-180x300.jpg 180w, https:\/\/sidranne-artiste-peintre.fr\/wp-content\/uploads\/2018\/06\/lilas_blancs.jpg 225w\" sizes=\"(max-width: 180px) 100vw, 180px\" \/><\/p>\n<p><em>d\u2019apr\u00e8s Edouard Manet (1832-1883) \u2013 Lilas blanc dans un vase de cristal (1882) \u2013 Pastel \u2013 27 x 16 cm<br \/>\n<\/em><\/p>\n<p>Un doux souvenir d\u2019enfance m\u2019envahit soudainement alors que je marche nonchalamment dans ce sentier perdu.<\/p>\n<p><!--more--><\/p>\n<p>De quoi s\u2019agit-il exactement\u00a0? Mais oui bien s\u00fbr, une odeur, une odeur famili\u00e8re qui refait subrepticement surface. Un parfum d\u00e9licat, \u00e9ph\u00e9m\u00e8re, sucr\u00e9\u00a0: le lilas blanc. L\u2019arbre est bien plus haut que moi et certaines fleurs effleurent doucement mon \u00e9paule nue. En fin de journ\u00e9e, \u00e0 la fra\u00eecheur naissante, les effluves ressortent plus fortes, plus ent\u00eat\u00e9es, plus pr\u00e9sentes. Il a fait si chaud aujourd\u2019hui et cette balade me fait l\u2019effet d\u2019une douche glac\u00e9e qui \u00e9veillerait mes cinq sens.<\/p>\n<p>Je plonge mon visage tout entier dans une grappe qui m\u2019attend ostensiblement. Je m\u2019enivre tout \u00e0 fait et ne peut l\u00e2cher ce plaisir subtile et innocent. Je replonge inlassablement et mes pens\u00e9es, mes ressentis sont comme fous, anesth\u00e9si\u00e9s, an\u00e9antis. Pendant quelques secondes qui semblent durer une \u00e9ternit\u00e9, je revisite mes souvenirs d\u2019enfance.<\/p>\n<p>Je suis dans un jardin que d\u2019aucun appellerait un jardin anglais avec des herbes folles, des fleurs et plantes \u00e0 foison dans un d\u00e9sordre organis\u00e9 \u00e0 la perfection. Une femme d\u2019un certain \u00e2ge est assise sur une chaise en fer forg\u00e9 devant une table de m\u00eame condition. Sur un plateau en m\u00e9tal argent\u00e9, tr\u00f4ne, royale, une th\u00e9i\u00e8re en argent massif et deux tasses en porcelaine finement d\u00e9cor\u00e9e de petites fleurs dans des tons de vert, rose, jaune. Du haut de mes 10 ans, je suis s\u00e9duite et p\u00e9trifi\u00e9e \u00e0 la fois. Je n\u2019ose avancer au risque de rompre le charme. Les minutes passent et je demeure immobile, le souffle coup\u00e9.<\/p>\n<p>Soudain, la femme aux longs cheveux blancs retenus par quelques pinces tourne la t\u00eate et me fixe de son regard bleu per\u00e7ant. Je suis p\u00e9trifi\u00e9e en une fraction de secondes. Puis l\u2019impensable l\u2019impossible arrive, elle me sourit et m\u2019invite \u00e0 la rejoindre d\u2019un geste \u00e9l\u00e9gant de la main. Toute tremblante je m\u2019assieds sur la chaise vacante. Instantan\u00e9ment, elle me sert une tasse de th\u00e9 et pose d\u00e9licatement deux scones tout frais sur une petite assiette. Elle me rapproche la confiture de framboise maison et la cr\u00e8me fouett\u00e9e. Je me sers maladroitement et au bout de quelques bouch\u00e9es et gorg\u00e9es me sent tout \u00e0 fait \u00e0 mon aise. Une discussion endiabl\u00e9e s\u2019ensuit sur l\u2019\u00e9criture, la peinture. Tous ces sujets qui bien plus tard feront partie de ma vie.<\/p>\n<p>Alors que je penche ma t\u00eate en arri\u00e8re, j\u2019aper\u00e7ois un lilas blanc \u2026<\/p>\n<p>&nbsp;<\/p>\n","protected":false},"excerpt":{"rendered":"<p>d\u2019apr\u00e8s Edouard Manet (1832-1883) \u2013 Lilas blanc dans un vase de cristal (1882) \u2013 Pastel \u2013 27 x 16 cm Un doux souvenir d\u2019enfance m\u2019envahit soudainement alors que je marche nonchalamment dans ce sentier perdu.<\/p>\n","protected":false},"author":1,"featured_media":0,"comment_status":"open","ping_status":"open","sticky":false,"template":"","format":"standard","meta":[],"categories":[6],"tags":[],"_links":{"self":[{"href":"https:\/\/sidranne-artiste-peintre.fr\/index.php?rest_route=\/wp\/v2\/posts\/564"}],"collection":[{"href":"https:\/\/sidranne-artiste-peintre.fr\/index.php?rest_route=\/wp\/v2\/posts"}],"about":[{"href":"https:\/\/sidranne-artiste-peintre.fr\/index.php?rest_route=\/wp\/v2\/types\/post"}],"author":[{"embeddable":true,"href":"https:\/\/sidranne-artiste-peintre.fr\/index.php?rest_route=\/wp\/v2\/users\/1"}],"replies":[{"embeddable":true,"href":"https:\/\/sidranne-artiste-peintre.fr\/index.php?rest_route=%2Fwp%2Fv2%2Fcomments&post=564"}],"version-history":[{"count":2,"href":"https:\/\/sidranne-artiste-peintre.fr\/index.php?rest_route=\/wp\/v2\/posts\/564\/revisions"}],"predecessor-version":[{"id":567,"href":"https:\/\/sidranne-artiste-peintre.fr\/index.php?rest_route=\/wp\/v2\/posts\/564\/revisions\/567"}],"wp:attachment":[{"href":"https:\/\/sidranne-artiste-peintre.fr\/index.php?rest_route=%2Fwp%2Fv2%2Fmedia&parent=564"}],"wp:term":[{"taxonomy":"category","embeddable":true,"href":"https:\/\/sidranne-artiste-peintre.fr\/index.php?rest_route=%2Fwp%2Fv2%2Fcategories&post=564"},{"taxonomy":"post_tag","embeddable":true,"href":"https:\/\/sidranne-artiste-peintre.fr\/index.php?rest_route=%2Fwp%2Fv2%2Ftags&post=564"}],"curies":[{"name":"wp","href":"https:\/\/api.w.org\/{rel}","templated":true}]}}