{"id":636,"date":"2018-08-27T23:02:39","date_gmt":"2018-08-27T21:02:39","guid":{"rendered":"http:\/\/sidranne-artiste-peintre.fr\/?p=636"},"modified":"2018-08-27T23:13:18","modified_gmt":"2018-08-27T21:13:18","slug":"caspar-david-friedrich","status":"publish","type":"post","link":"https:\/\/sidranne-artiste-peintre.fr\/?p=636","title":{"rendered":"Caspar David Friedrich"},"content":{"rendered":"<p><img decoding=\"async\" loading=\"lazy\" class=\"size-medium wp-image-637 aligncenter\" src=\"http:\/\/sidranne-artiste-peintre.fr\/wp-content\/uploads\/2018\/08\/Caspar_David_Friedrich-231x300.jpg\" alt=\"\" width=\"231\" height=\"300\" srcset=\"https:\/\/sidranne-artiste-peintre.fr\/wp-content\/uploads\/2018\/08\/Caspar_David_Friedrich-231x300.jpg 231w, https:\/\/sidranne-artiste-peintre.fr\/wp-content\/uploads\/2018\/08\/Caspar_David_Friedrich.jpg 260w\" sizes=\"(max-width: 231px) 100vw, 231px\" \/><\/p>\n<p>Caspar David Friedrich (5 septembre 1774 \u2013 7 mai 1840) est un peintre et dessinateur allemand, consid\u00e9r\u00e9 comme le plus significatif et le plus influent de la peinture romantique allemande du XIXe si\u00e8cle.<\/p>\n<p><!--more--><\/p>\n<p>Son enfance est tragique et d\u00e9terminera les deux th\u00e8mes principaux abord\u00e9s dans sa peinture, \u00e0 savoir la mort et la nature. En effet, en l\u2019espace de dix ans, d\u00e9c\u00e8dent sa m\u00e8re, ses deux s\u0153urs et son fr\u00e8re.<\/p>\n<p>D\u00e8s l\u2019\u00e2ge de 20 ans, il fr\u00e9quente l\u2019Acad\u00e9mie royale des beaux-arts du Danemark \u00e0 Copenhague.<\/p>\n<p>En 1798, il s\u2019installe \u00e0 Dresde. Intrigu\u00e9 par la pens\u00e9e de Schleiermacher, Friedrich voit l\u2019approche du sentiment religieux dans la contemplation de la nature. Et gr\u00e2ce \u00e0 Goethe, il int\u00e8gre la couleur en symbolique suppl\u00e9mentaire.<\/p>\n<p>En 1810, il est nomm\u00e9 membre de l\u2019Acad\u00e9mie de Berlin. Il expose \u00e0 Berlin, est admir\u00e9 de Goethe et Fr\u00e9d\u00e9ric-Guillaume III de Prusse lui ach\u00e8te <em>Morgen im Riesengebirge<\/em>. Suite aux invasions napol\u00e9oniennes, Friedrich peint des sujets patriotiques. Il refuse de se rendre \u00e0 Rome.<\/p>\n<p>Friedrich tombe malade en 1824. Son \u00e9tat s&#8217;aggrave en 1826, et il souffre d&#8217;un d\u00e9lire de pers\u00e9cution qui l&#8217;\u00e9loigne d&#8217;un bon nombre de ses amis. Pendant cette p\u00e9riode, il peint peu, mais en 1827, il se remet \u00e0 la peinture \u00e0 l&#8217;huile.<\/p>\n<p>En 1834, lors de la visite de l&#8217;atelier de Friedrich, le sculpteur David d\u2019Angers d\u00e9finira l\u2019oeuvre du peintre ainsi\u00a0: &#8220;Cet homme a d\u00e9couvert la trag\u00e9die du paysage.&#8221;<\/p>\n<p>En 1835, une congestion c\u00e9r\u00e9brale le laisse paralys\u00e9. Il meurt le 7 mai 1840 \u00e0 Dresde.<\/p>\n<p>&nbsp;<\/p>\n","protected":false},"excerpt":{"rendered":"<p>Caspar David Friedrich (5 septembre 1774 \u2013 7 mai 1840) est un peintre et dessinateur allemand, consid\u00e9r\u00e9 comme le plus significatif et le plus influent de la peinture romantique allemande du XIXe si\u00e8cle.<\/p>\n","protected":false},"author":1,"featured_media":0,"comment_status":"open","ping_status":"open","sticky":false,"template":"","format":"standard","meta":[],"categories":[13],"tags":[],"_links":{"self":[{"href":"https:\/\/sidranne-artiste-peintre.fr\/index.php?rest_route=\/wp\/v2\/posts\/636"}],"collection":[{"href":"https:\/\/sidranne-artiste-peintre.fr\/index.php?rest_route=\/wp\/v2\/posts"}],"about":[{"href":"https:\/\/sidranne-artiste-peintre.fr\/index.php?rest_route=\/wp\/v2\/types\/post"}],"author":[{"embeddable":true,"href":"https:\/\/sidranne-artiste-peintre.fr\/index.php?rest_route=\/wp\/v2\/users\/1"}],"replies":[{"embeddable":true,"href":"https:\/\/sidranne-artiste-peintre.fr\/index.php?rest_route=%2Fwp%2Fv2%2Fcomments&post=636"}],"version-history":[{"count":2,"href":"https:\/\/sidranne-artiste-peintre.fr\/index.php?rest_route=\/wp\/v2\/posts\/636\/revisions"}],"predecessor-version":[{"id":639,"href":"https:\/\/sidranne-artiste-peintre.fr\/index.php?rest_route=\/wp\/v2\/posts\/636\/revisions\/639"}],"wp:attachment":[{"href":"https:\/\/sidranne-artiste-peintre.fr\/index.php?rest_route=%2Fwp%2Fv2%2Fmedia&parent=636"}],"wp:term":[{"taxonomy":"category","embeddable":true,"href":"https:\/\/sidranne-artiste-peintre.fr\/index.php?rest_route=%2Fwp%2Fv2%2Fcategories&post=636"},{"taxonomy":"post_tag","embeddable":true,"href":"https:\/\/sidranne-artiste-peintre.fr\/index.php?rest_route=%2Fwp%2Fv2%2Ftags&post=636"}],"curies":[{"name":"wp","href":"https:\/\/api.w.org\/{rel}","templated":true}]}}