{"id":719,"date":"2019-01-21T11:16:09","date_gmt":"2019-01-21T10:16:09","guid":{"rendered":"http:\/\/sidranne-artiste-peintre.fr\/?p=719"},"modified":"2019-02-10T16:33:07","modified_gmt":"2019-02-10T15:33:07","slug":"au-bon-coin-a-partir-de-janvier-2019","status":"publish","type":"post","link":"https:\/\/sidranne-artiste-peintre.fr\/?p=719","title":{"rendered":"Au bon coin &#8211; A partir de Janvier 2019"},"content":{"rendered":"<p><img decoding=\"async\" loading=\"lazy\" class=\"size-medium wp-image-720 aligncenter\" src=\"http:\/\/sidranne-artiste-peintre.fr\/wp-content\/uploads\/2019\/01\/exposition_sidranne-300x213.jpg\" alt=\"\" width=\"300\" height=\"213\" srcset=\"https:\/\/sidranne-artiste-peintre.fr\/wp-content\/uploads\/2019\/01\/exposition_sidranne-300x213.jpg 300w, https:\/\/sidranne-artiste-peintre.fr\/wp-content\/uploads\/2019\/01\/exposition_sidranne-700x496.jpg 700w, https:\/\/sidranne-artiste-peintre.fr\/wp-content\/uploads\/2019\/01\/exposition_sidranne.jpg 729w\" sizes=\"(max-width: 300px) 100vw, 300px\" \/><\/p>\n<p>Ma premi\u00e8re exposition en &#8220;solo&#8221; \u00e0 partir du 19 janvier 2019 !<\/p>\n<p><!--more--><\/p>\n<p>Venez d\u00e9couvrir 9 huiles, 6 aquarelles et 3 pastels dans un cadre convivial et chaleureux. Vous y serez accueillis avec beaucoup de sympathie.<\/p>\n<p>Le vernissage a eu lieu vendredi 18 janvier. C&#8217;\u00e9tait top ! Merci \u00e0 tous d&#8217;\u00eatre venus si nombreux pour me soutenir dans cette belle aventure.<\/p>\n<p>&nbsp;<\/p>\n<p><img decoding=\"async\" loading=\"lazy\" class=\"alignnone size-medium wp-image-723\" src=\"http:\/\/sidranne-artiste-peintre.fr\/wp-content\/uploads\/2019\/01\/Sidranne-225x300.jpg\" alt=\"\" width=\"225\" height=\"300\" srcset=\"https:\/\/sidranne-artiste-peintre.fr\/wp-content\/uploads\/2019\/01\/Sidranne-225x300.jpg 225w, https:\/\/sidranne-artiste-peintre.fr\/wp-content\/uploads\/2019\/01\/Sidranne.jpg 474w\" sizes=\"(max-width: 225px) 100vw, 225px\" \/><\/p>\n<p>&nbsp;<\/p>\n<p>&nbsp;<\/p>\n","protected":false},"excerpt":{"rendered":"<p>Ma premi\u00e8re exposition en &#8220;solo&#8221; \u00e0 partir du 19 janvier 2019 !<\/p>\n","protected":false},"author":1,"featured_media":0,"comment_status":"open","ping_status":"open","sticky":false,"template":"","format":"standard","meta":[],"categories":[14],"tags":[],"_links":{"self":[{"href":"https:\/\/sidranne-artiste-peintre.fr\/index.php?rest_route=\/wp\/v2\/posts\/719"}],"collection":[{"href":"https:\/\/sidranne-artiste-peintre.fr\/index.php?rest_route=\/wp\/v2\/posts"}],"about":[{"href":"https:\/\/sidranne-artiste-peintre.fr\/index.php?rest_route=\/wp\/v2\/types\/post"}],"author":[{"embeddable":true,"href":"https:\/\/sidranne-artiste-peintre.fr\/index.php?rest_route=\/wp\/v2\/users\/1"}],"replies":[{"embeddable":true,"href":"https:\/\/sidranne-artiste-peintre.fr\/index.php?rest_route=%2Fwp%2Fv2%2Fcomments&post=719"}],"version-history":[{"count":4,"href":"https:\/\/sidranne-artiste-peintre.fr\/index.php?rest_route=\/wp\/v2\/posts\/719\/revisions"}],"predecessor-version":[{"id":727,"href":"https:\/\/sidranne-artiste-peintre.fr\/index.php?rest_route=\/wp\/v2\/posts\/719\/revisions\/727"}],"wp:attachment":[{"href":"https:\/\/sidranne-artiste-peintre.fr\/index.php?rest_route=%2Fwp%2Fv2%2Fmedia&parent=719"}],"wp:term":[{"taxonomy":"category","embeddable":true,"href":"https:\/\/sidranne-artiste-peintre.fr\/index.php?rest_route=%2Fwp%2Fv2%2Fcategories&post=719"},{"taxonomy":"post_tag","embeddable":true,"href":"https:\/\/sidranne-artiste-peintre.fr\/index.php?rest_route=%2Fwp%2Fv2%2Ftags&post=719"}],"curies":[{"name":"wp","href":"https:\/\/api.w.org\/{rel}","templated":true}]}}