{"id":804,"date":"2019-06-25T21:43:03","date_gmt":"2019-06-25T19:43:03","guid":{"rendered":"http:\/\/sidranne-artiste-peintre.fr\/?p=804"},"modified":"2019-06-25T21:43:03","modified_gmt":"2019-06-25T19:43:03","slug":"cest-ma-priere","status":"publish","type":"post","link":"https:\/\/sidranne-artiste-peintre.fr\/?p=804","title":{"rendered":"C\u2019est ma pri\u00e8re"},"content":{"rendered":"<p><img decoding=\"async\" loading=\"lazy\" class=\"size-medium wp-image-805 aligncenter\" src=\"http:\/\/sidranne-artiste-peintre.fr\/wp-content\/uploads\/2019\/06\/priere-246x300.jpg\" alt=\"\" width=\"246\" height=\"300\" srcset=\"https:\/\/sidranne-artiste-peintre.fr\/wp-content\/uploads\/2019\/06\/priere-246x300.jpg 246w, https:\/\/sidranne-artiste-peintre.fr\/wp-content\/uploads\/2019\/06\/priere.jpg 332w\" sizes=\"(max-width: 246px) 100vw, 246px\" \/><\/p>\n<p><em>d\u2019apr\u00e8s\u00a0Albrecht D\u00fcrer\u00a0(1471-1528) \u2013 Etude de mains (1506) \u2013 Huile sur toile \u2013 27 x 22 cm<\/em><\/p>\n<p>Une vie \u00e0 commencer, cela para\u00eet si \u2026<\/p>\n<p><!--more--><\/p>\n<p>Compliqu\u00e9\u00a0? Et pourtant, un matin je suis n\u00e9e. Ou plut\u00f4t une fin de journ\u00e9e. Je n\u2019\u00e9tais pas d\u00e9cid\u00e9e, il a \u00e9t\u00e9 d\u00e9cid\u00e9 pour moi. D\u00e9j\u00e0\u00a0! Et puis j\u2019ai d\u00fb pleurer aussi. Comme tous les nouveaux-n\u00e9s. Mais les jours \u00e9taient compt\u00e9s. Une trentaine, je crois. Peut-\u00eatre trente six. Et puis je me suis tue. Pour toujours j\u2019aurais envie de dire. Je me suis ferm\u00e9e \u2026 \u00e0 moi-m\u00eame\u00a0!<\/p>\n<p>Enjoliv\u00e9\u00a0? Et pourtant mon enfance s\u2019est pass\u00e9e sans r\u00e9el souvenir une fois adulte. Peut-\u00eatre un go\u00fbt sucr\u00e9 sal\u00e9. J\u2019aurais envie de dire amer. Oh non, plus de vacances \u00e0 la mer, plus de ski l\u2019hiver non plus. Ma peau br\u00fbl\u00e9e, anesth\u00e9si\u00e9e, amput\u00e9e n\u2019en peut plus. Autant de traces, de stigmates qui ne partiront plus. Des heures et des heures esseul\u00e9es, dans ma chambre \u00e0 refaire le monde. Oui, je parlais seule et tout autant encore aujourd\u2019hui.<\/p>\n<p>Succ\u00e9dan\u00e9\u00a0? Et pourtant, des apparences toujours intactes. Une vision flout\u00e9e \u00e0 l\u2019int\u00e9rieur. Mais l\u2019ext\u00e9rieur est sauv\u00e9, sauvegard\u00e9 des regards indiscrets. Tout ce joli petit monde tromp\u00e9, abus\u00e9 pour quelques sourires forc\u00e9s.<\/p>\n<p>Edulcor\u00e9\u00a0? Et pourtant une \u00e9ducation stricte et sans artifices. Je n\u2019avais pas de libert\u00e9 sauf celle de servir et ob\u00e9ir. Un bon petit soldat en v\u00e9rit\u00e9, en r\u00e9alit\u00e9 aussi. La r\u00e9bellion n\u2019\u00e9tait pas \u00e0 l\u2019ordre du jour. L\u2019envisager ne m\u2019a pas effleur\u00e9e. Oh peut-\u00eatre que si. Mais encore fallait-il oser. L\u2019audace de la musel\u00e9e s\u2019est tu\u00e9e dans l\u2019oeuf.<\/p>\n<p>Une vie \u00e0 continuer, cela para\u00eet si \u2026<\/p>\n<p>Insens\u00e9\u00a0? Et pourtant, les ann\u00e9es les unes apr\u00e8s les autres se sont succ\u00e9d\u00e9. Elles ont eu leur lot d\u2019\u00e9checs et de succ\u00e8s. Qu\u2019en \u00e9tait-il de mes projets\u00a0? Mais de quels projets\u00a0? Je ne sais pas, ou plus, je n\u2019ai pas appris. Je ne me suis pas autoris\u00e9e.<\/p>\n<p>Alambiqu\u00e9\u00a0? Et pourtant les \u00e9v\u00e9nements m\u2019ont port\u00e9e. Et parfois m\u00eame d\u00e9port\u00e9e. Mais je n\u2019\u00e9tais plus seule d\u00e9sormais, une douce enfant est n\u00e9e. Non, il ne fallait pas qu\u2019elle soit mon portrait. Au mieux je l\u2019ai \u00e9duqu\u00e9e et par-dessus tout je l\u2019ai tellement aim\u00e9e. Elle va bient\u00f4t me quitter, elle est adulte je le sais.<\/p>\n<p>Pr\u00e9destin\u00e9\u00a0? Et pourtant, j\u2019ai d\u00e9cid\u00e9 de tout bousculer. A cinquante ann\u00e9es de raisonnable forc\u00e9, il \u00e9tait grand temps de s\u2019envoler, d\u2019esp\u00e9rer, de s\u2019\u00e9clater, de se passionner. Au del\u00e0 des d\u00e9couvertes r\u00e9centes sur ma destin\u00e9e, de vivre tout simplement.<\/p>\n<p>&nbsp;<\/p>\n","protected":false},"excerpt":{"rendered":"<p>d\u2019apr\u00e8s\u00a0Albrecht D\u00fcrer\u00a0(1471-1528) \u2013 Etude de mains (1506) \u2013 Huile sur toile \u2013 27 x 22 cm Une vie \u00e0 commencer, cela para\u00eet si \u2026<\/p>\n","protected":false},"author":1,"featured_media":0,"comment_status":"open","ping_status":"open","sticky":false,"template":"","format":"standard","meta":[],"categories":[7],"tags":[],"_links":{"self":[{"href":"https:\/\/sidranne-artiste-peintre.fr\/index.php?rest_route=\/wp\/v2\/posts\/804"}],"collection":[{"href":"https:\/\/sidranne-artiste-peintre.fr\/index.php?rest_route=\/wp\/v2\/posts"}],"about":[{"href":"https:\/\/sidranne-artiste-peintre.fr\/index.php?rest_route=\/wp\/v2\/types\/post"}],"author":[{"embeddable":true,"href":"https:\/\/sidranne-artiste-peintre.fr\/index.php?rest_route=\/wp\/v2\/users\/1"}],"replies":[{"embeddable":true,"href":"https:\/\/sidranne-artiste-peintre.fr\/index.php?rest_route=%2Fwp%2Fv2%2Fcomments&post=804"}],"version-history":[{"count":1,"href":"https:\/\/sidranne-artiste-peintre.fr\/index.php?rest_route=\/wp\/v2\/posts\/804\/revisions"}],"predecessor-version":[{"id":806,"href":"https:\/\/sidranne-artiste-peintre.fr\/index.php?rest_route=\/wp\/v2\/posts\/804\/revisions\/806"}],"wp:attachment":[{"href":"https:\/\/sidranne-artiste-peintre.fr\/index.php?rest_route=%2Fwp%2Fv2%2Fmedia&parent=804"}],"wp:term":[{"taxonomy":"category","embeddable":true,"href":"https:\/\/sidranne-artiste-peintre.fr\/index.php?rest_route=%2Fwp%2Fv2%2Fcategories&post=804"},{"taxonomy":"post_tag","embeddable":true,"href":"https:\/\/sidranne-artiste-peintre.fr\/index.php?rest_route=%2Fwp%2Fv2%2Ftags&post=804"}],"curies":[{"name":"wp","href":"https:\/\/api.w.org\/{rel}","templated":true}]}}