{"id":809,"date":"2019-06-26T19:31:31","date_gmt":"2019-06-26T17:31:31","guid":{"rendered":"http:\/\/sidranne-artiste-peintre.fr\/?p=809"},"modified":"2022-07-16T20:17:09","modified_gmt":"2022-07-16T18:17:09","slug":"le-verre-deau-et-cafetiere","status":"publish","type":"post","link":"https:\/\/sidranne-artiste-peintre.fr\/?p=809","title":{"rendered":"Verre d\u2019eau et cafeti\u00e8re"},"content":{"rendered":"\n<figure class=\"wp-block-image\"><img decoding=\"async\" loading=\"lazy\" width=\"700\" height=\"579\" src=\"http:\/\/sidranne-artiste-peintre.fr\/wp-content\/uploads\/2022\/07\/verre_d_eau_et_cafetiere-700x579.jpg\" alt=\"\" class=\"wp-image-1414\" srcset=\"https:\/\/sidranne-artiste-peintre.fr\/wp-content\/uploads\/2022\/07\/verre_d_eau_et_cafetiere-700x579.jpg 700w, https:\/\/sidranne-artiste-peintre.fr\/wp-content\/uploads\/2022\/07\/verre_d_eau_et_cafetiere-300x248.jpg 300w, https:\/\/sidranne-artiste-peintre.fr\/wp-content\/uploads\/2022\/07\/verre_d_eau_et_cafetiere-768x635.jpg 768w, https:\/\/sidranne-artiste-peintre.fr\/wp-content\/uploads\/2022\/07\/verre_d_eau_et_cafetiere-900x744.jpg 900w, https:\/\/sidranne-artiste-peintre.fr\/wp-content\/uploads\/2022\/07\/verre_d_eau_et_cafetiere-1280x1058.jpg 1280w\" sizes=\"(max-width: 700px) 100vw, 700px\" \/><\/figure>\n\n\n<p><em>d\u2019apr\u00e8s Jean Sim\u00e9on Chardin (1699 \u2013 1779) \u2013 Verre d&#8217;eau et cafeti\u00e8re (vers 1760)\u00a0 \u2013 Huile sur bois \u2013 33 x 41 cm<\/em><\/p>\n<p>L\u00e9ontine est tr\u00e8s occup\u00e9e ce matin. Elle doit pr\u00e9parer le souper pour toute sa famille en visite pour quelques jours dans la r\u00e9gion.<\/p>\n<p><!--more--><\/p>\n<p>Combien vont-ils \u00eatre d\u00e9j\u00e0\u00a0? L\u00e9ontine ne sait plus. Une petite dizaine, peut-\u00eatre plus ou peut-\u00eatre moins. Comment faire\u00a0? Son voisin, chasseur \u00e9m\u00e9rite, lui a donn\u00e9 l\u2019autre jour trois beaux lapins de garenne. Elle les ai d\u00e9pec\u00e9s et vid\u00e9s dans la foul\u00e9e. Ce serait une excellente id\u00e9e de plat. Et en entr\u00e9e, pourquoi pas un potage de citrouille\u00a0? Elle en a une \u00e9norme qui a pouss\u00e9 spontan\u00e9ment dans le potager et qui n\u2019attend qu\u2019\u00e0 \u00eatre cueillie. Et pour le dessert\u00a0? Elle a une id\u00e9e lumineuse. Elle va tout simplement sortir ses cerises guignes de ce printemps et les r\u00e9galer d\u2019un galifoutis, recette de George Sand. Un clafoutis \u00e0 tomber\u00a0!<\/p>\n<p>L\u00e9ontine s\u2019est lev\u00e9e de tr\u00e8s bonne heure, certes, malgr\u00e9 tout, elle ne doit pas trop tra\u00eener. Elle sort du vaisselier un verre qu\u2019elle remplit d\u2019eau fra\u00eeche et une cafeti\u00e8re. Elle pose le tout \u00e0 proximit\u00e9 pour ses futures petites soifs.<\/p>\n<p>Tiens, \u00e7a frappe \u00e0 la porte. D\u00e9j\u00e0 eux\u00a0? Oh non, ce n\u2019est pas possible, elle a tout juste termin\u00e9 le potage. La panique s\u2019empare de L\u00e9ontine. Elle s\u2019essuie les mains sommairement sur son tablier et se dirige vers la porte d\u2019entr\u00e9e. Un vent glacial s\u2019engouffre dans le vestibule. Elle n\u2019a pas le temps de dire \u00ab\u00a0Ouf\u00a0\u00bb que Pierre, Paul, Jacques, et les autres. C\u2019est une bonne petite vingtaine de personnes qui envahit l\u2019espace de cette ch\u00e8re L\u00e9ontine, compl\u00e8tement d\u00e9pass\u00e9e par les \u00e9v\u00e9nements.<\/p>\n<p>Interloqu\u00e9e, elle les interroge. Elle leur fait bien comprendre qu\u2019elle n\u2019est absolument pas pr\u00eate et que de toute fa\u00e7on elle n\u2019a pr\u00e9vu qu\u2019un seule repas. C\u2019est alors que toute la troupe reprend le sens inverse vers la sortie. Tant mieux pense sur-le-champ L\u00e9ontine. Mais son soulagement est de courte dur\u00e9e. Les voil\u00e0 qui reviennent tous \u00e0 la queue leu leu les mains charg\u00e9s de victuailles. A la d\u00e9rob\u00e9e, L\u00e9ontine aper\u00e7oit un jambon de parme, des terrines, des l\u00e9gumes divers et vari\u00e9s, des brioches, des fruits, \u2026. Une multitude de denr\u00e9es \u2026<\/p>\n<p>Tous les invit\u00e9s en passant \u00e0 proximit\u00e9 de L\u00e9ontine l\u2019embrassent goul\u00fbment. Ses joues deviennent roses de plaisir. Certains s\u2019occupent de mettre les assiettes, verres et couverts, d\u2019autres \u00e0 installer les plats. Quant \u00e0 L\u00e9ontine, elle jubile.<\/p>\n<p>Son verre d\u2019eau est intact\u00a0!<\/p>\n<p>\u00a0<\/p>","protected":false},"excerpt":{"rendered":"<p>d\u2019apr\u00e8s Jean Sim\u00e9on Chardin (1699 \u2013 1779) \u2013 Verre d&#8217;eau et cafeti\u00e8re (vers 1760)\u00a0 \u2013 Huile sur bois \u2013 33 x 41 cm L\u00e9ontine est tr\u00e8s occup\u00e9e ce matin. Elle doit pr\u00e9parer le souper pour toute sa famille en visite pour quelques jours dans la r\u00e9gion.<\/p>\n","protected":false},"author":1,"featured_media":0,"comment_status":"open","ping_status":"open","sticky":false,"template":"","format":"standard","meta":[],"categories":[7],"tags":[],"_links":{"self":[{"href":"https:\/\/sidranne-artiste-peintre.fr\/index.php?rest_route=\/wp\/v2\/posts\/809"}],"collection":[{"href":"https:\/\/sidranne-artiste-peintre.fr\/index.php?rest_route=\/wp\/v2\/posts"}],"about":[{"href":"https:\/\/sidranne-artiste-peintre.fr\/index.php?rest_route=\/wp\/v2\/types\/post"}],"author":[{"embeddable":true,"href":"https:\/\/sidranne-artiste-peintre.fr\/index.php?rest_route=\/wp\/v2\/users\/1"}],"replies":[{"embeddable":true,"href":"https:\/\/sidranne-artiste-peintre.fr\/index.php?rest_route=%2Fwp%2Fv2%2Fcomments&post=809"}],"version-history":[{"count":5,"href":"https:\/\/sidranne-artiste-peintre.fr\/index.php?rest_route=\/wp\/v2\/posts\/809\/revisions"}],"predecessor-version":[{"id":1415,"href":"https:\/\/sidranne-artiste-peintre.fr\/index.php?rest_route=\/wp\/v2\/posts\/809\/revisions\/1415"}],"wp:attachment":[{"href":"https:\/\/sidranne-artiste-peintre.fr\/index.php?rest_route=%2Fwp%2Fv2%2Fmedia&parent=809"}],"wp:term":[{"taxonomy":"category","embeddable":true,"href":"https:\/\/sidranne-artiste-peintre.fr\/index.php?rest_route=%2Fwp%2Fv2%2Fcategories&post=809"},{"taxonomy":"post_tag","embeddable":true,"href":"https:\/\/sidranne-artiste-peintre.fr\/index.php?rest_route=%2Fwp%2Fv2%2Ftags&post=809"}],"curies":[{"name":"wp","href":"https:\/\/api.w.org\/{rel}","templated":true}]}}