{"id":955,"date":"2020-08-19T15:32:35","date_gmt":"2020-08-19T13:32:35","guid":{"rendered":"http:\/\/sidranne-artiste-peintre.fr\/?p=955"},"modified":"2020-08-19T15:32:35","modified_gmt":"2020-08-19T13:32:35","slug":"la-basilique-du-sacre-coeur-de-montmartre","status":"publish","type":"post","link":"https:\/\/sidranne-artiste-peintre.fr\/?p=955","title":{"rendered":"La Basilique du Sacr\u00e9 C\u0153ur de Montmartre"},"content":{"rendered":"<p><img decoding=\"async\" loading=\"lazy\" class=\"size-medium wp-image-956 aligncenter\" src=\"http:\/\/sidranne-artiste-peintre.fr\/wp-content\/uploads\/2020\/08\/basilique_sacre_coeur_montmartre-300x233.jpg\" alt=\"\" width=\"300\" height=\"233\" srcset=\"https:\/\/sidranne-artiste-peintre.fr\/wp-content\/uploads\/2020\/08\/basilique_sacre_coeur_montmartre-300x233.jpg 300w, https:\/\/sidranne-artiste-peintre.fr\/wp-content\/uploads\/2020\/08\/basilique_sacre_coeur_montmartre-768x596.jpg 768w, https:\/\/sidranne-artiste-peintre.fr\/wp-content\/uploads\/2020\/08\/basilique_sacre_coeur_montmartre-700x544.jpg 700w, https:\/\/sidranne-artiste-peintre.fr\/wp-content\/uploads\/2020\/08\/basilique_sacre_coeur_montmartre-900x699.jpg 900w, https:\/\/sidranne-artiste-peintre.fr\/wp-content\/uploads\/2020\/08\/basilique_sacre_coeur_montmartre-1280x994.jpg 1280w\" sizes=\"(max-width: 300px) 100vw, 300px\" \/><\/p>\n<p><em>Sanguine \u2013 19 x 29 cm \u2013 Original<\/em><\/p>\n<p>Montmartre\u00a0? Tout le monde conna\u00eet. Mais jusqu\u2019\u00e0 quel point\u00a0? Et si je vous disais que Montmartre avait toujours \u00e9t\u00e9 un lieu de culte\u00a0? C\u2019est un bon d\u00e9but &#8230;<\/p>\n<p><!--more--><\/p>\n<p>Au Ve si\u00e8cle, Sainte Genevi\u00e8ve convainc ses contemporains de construire une chapelle \u00e0 la m\u00e9moire de saint Denis, premier \u00e9v\u00eaque et martyr de Paris. Elle tombe en ruine au IXe si\u00e8cle mais est reconstruite. C\u2019est le lieu de nombreux p\u00e8lerinages, de la v\u00e9n\u00e9ration d\u2019ossements de chr\u00e9tiens anonymes victimes de pers\u00e9cutions. Il devient le \u00ab\u00a0mont des Martyrs\u00a0\u00bb, d\u2019o\u00f9 son nom Montmartre.<\/p>\n<p>En 1559, l\u2019abbaye des B\u00e9n\u00e9dictines de Montmartre, au sommet de la butte, est en partie incendi\u00e9e. Le Maire de Beauvilliers, \u00e0 partir de 1611, entreprend la restauration du Martyrium en construisant une nouvelle abbaye autour de la chapelle reli\u00e9es entre elles par une galerie. Un escalier est sorti de terre. C\u2019est celui menant \u00e0 l\u2019ancienne crypte sanctifi\u00e9e par saint Denis. C\u2019est l\u2019occasion pour Marie de M\u00e9dicis, et plus de 60 000 personnes de se rendre sur place.<\/p>\n<p>Au fil des si\u00e8cles, le lieu devient un incontournable site de recueillement. Ainsi, \u00e0 la fin du XIVe si\u00e8cle, le roi de France Charles VI entreprend le voyage. Au d\u00e9but du XVe si\u00e8cle, pour lutter contre les Armagnacs et les Bourguignons, la paroisses parisiennes demandent l\u2019aide de saint Denis. En 1525, le peuple de Paris, lui-m\u00eame, prie pour la lib\u00e9ration de Fran\u00e7ois Ier. Le 15 ao\u00fbt 1534, saint Ignace, saint Fran\u00e7ois-Xavier et leurs compagnons fondent la Compagnie de J\u00e9sus.<\/p>\n<p>Puis, en 1792, lors de la R\u00e9volution fran\u00e7aise, les B\u00e9n\u00e9dictines sont chass\u00e9es et le monast\u00e8re d\u00e9truit. Le 24 juillet 1794, Marie-Louise de Montmorency-Laval, la derni\u00e8re abbesse est guillotin\u00e9e.<\/p>\n<p>En 1870, c\u2019est la guerre entre la France et l\u2019Allemagne. Les troupes allemandes envahissent la France. Le pape est reclus au Vatican. Alexandre Legentil et Hubert Rohault de Fleury entreprennent une d\u00e9marche spirituelle via leur v\u0153u de construction d\u2019une Eglise consacr\u00e9e au Coeur du Christ. Fin 1872, le Cardinal Guibert, archev\u00eaque de Paris, donne son accord et choisit Montmartre. Fin 1873, l\u2019Assembl\u00e9e Nationale vote une loi d\u00e9clarant la Basilique d\u2019utilit\u00e9 publique. Sa construction peut d\u00e9buter gr\u00e2ce aux nombreux dons collect\u00e9s dans la France enti\u00e8re.<\/p>\n<p>Et voici toute l\u2019histoire de la Basilique du Sacr\u00e9 C\u0153ur de Montmartre, sacr\u00e9ment r\u00e9sum\u00e9e, je vous l\u2019accorde mais quelle destin\u00e9e, que de souffrances aussi. Un lieu magnifique et magique qui d\u00e9gage tant.<\/p>\n<p>&nbsp;<\/p>\n","protected":false},"excerpt":{"rendered":"<p>Sanguine \u2013 19 x 29 cm \u2013 Original Montmartre\u00a0? Tout le monde conna\u00eet. Mais jusqu\u2019\u00e0 quel point\u00a0? Et si je vous disais que Montmartre avait toujours \u00e9t\u00e9 un lieu de culte\u00a0? C\u2019est un bon d\u00e9but &#8230;<\/p>\n","protected":false},"author":1,"featured_media":0,"comment_status":"open","ping_status":"open","sticky":false,"template":"","format":"standard","meta":[],"categories":[12],"tags":[],"_links":{"self":[{"href":"https:\/\/sidranne-artiste-peintre.fr\/index.php?rest_route=\/wp\/v2\/posts\/955"}],"collection":[{"href":"https:\/\/sidranne-artiste-peintre.fr\/index.php?rest_route=\/wp\/v2\/posts"}],"about":[{"href":"https:\/\/sidranne-artiste-peintre.fr\/index.php?rest_route=\/wp\/v2\/types\/post"}],"author":[{"embeddable":true,"href":"https:\/\/sidranne-artiste-peintre.fr\/index.php?rest_route=\/wp\/v2\/users\/1"}],"replies":[{"embeddable":true,"href":"https:\/\/sidranne-artiste-peintre.fr\/index.php?rest_route=%2Fwp%2Fv2%2Fcomments&post=955"}],"version-history":[{"count":1,"href":"https:\/\/sidranne-artiste-peintre.fr\/index.php?rest_route=\/wp\/v2\/posts\/955\/revisions"}],"predecessor-version":[{"id":957,"href":"https:\/\/sidranne-artiste-peintre.fr\/index.php?rest_route=\/wp\/v2\/posts\/955\/revisions\/957"}],"wp:attachment":[{"href":"https:\/\/sidranne-artiste-peintre.fr\/index.php?rest_route=%2Fwp%2Fv2%2Fmedia&parent=955"}],"wp:term":[{"taxonomy":"category","embeddable":true,"href":"https:\/\/sidranne-artiste-peintre.fr\/index.php?rest_route=%2Fwp%2Fv2%2Fcategories&post=955"},{"taxonomy":"post_tag","embeddable":true,"href":"https:\/\/sidranne-artiste-peintre.fr\/index.php?rest_route=%2Fwp%2Fv2%2Ftags&post=955"}],"curies":[{"name":"wp","href":"https:\/\/api.w.org\/{rel}","templated":true}]}}