{"id":960,"date":"2020-08-19T15:38:34","date_gmt":"2020-08-19T13:38:34","guid":{"rendered":"http:\/\/sidranne-artiste-peintre.fr\/?p=960"},"modified":"2020-08-19T15:38:34","modified_gmt":"2020-08-19T13:38:34","slug":"le-chateau-de-val","status":"publish","type":"post","link":"https:\/\/sidranne-artiste-peintre.fr\/?p=960","title":{"rendered":"Le ch\u00e2teau de Val"},"content":{"rendered":"<p><img decoding=\"async\" loading=\"lazy\" class=\"size-medium wp-image-961 aligncenter\" src=\"http:\/\/sidranne-artiste-peintre.fr\/wp-content\/uploads\/2020\/08\/chateau_de_val-300x230.jpg\" alt=\"\" width=\"300\" height=\"230\" srcset=\"https:\/\/sidranne-artiste-peintre.fr\/wp-content\/uploads\/2020\/08\/chateau_de_val-300x230.jpg 300w, https:\/\/sidranne-artiste-peintre.fr\/wp-content\/uploads\/2020\/08\/chateau_de_val-768x588.jpg 768w, https:\/\/sidranne-artiste-peintre.fr\/wp-content\/uploads\/2020\/08\/chateau_de_val-700x536.jpg 700w, https:\/\/sidranne-artiste-peintre.fr\/wp-content\/uploads\/2020\/08\/chateau_de_val-900x689.jpg 900w, https:\/\/sidranne-artiste-peintre.fr\/wp-content\/uploads\/2020\/08\/chateau_de_val-1280x980.jpg 1280w\" sizes=\"(max-width: 300px) 100vw, 300px\" \/><\/p>\n<p><em>Fusain, craie blanche \u2013 19 x 29 cm \u2013 Original<\/em><\/p>\n<p>Il \u00e9tait une fois un ch\u00e2teau fort du XIIIe si\u00e8cle. Une l\u00e9gende digne des films d\u2019horreur des ann\u00e9es \u2026 hantait litt\u00e9ralement les murs de cette vieille b\u00e2tisse, class\u00e9e monument historique.<\/p>\n<p><!--more--><\/p>\n<p>Certains soirs, alors que les propri\u00e9taires tentaient de trouver le sommeil r\u00e9parateur d\u2019une dure journ\u00e9e de labeur, des ombres, identiques \u00e0 des spectres, se baladaient impun\u00e9ment dans les couloirs. Peu d\u2019\u00e9lus avaient \u00e9t\u00e9 t\u00e9moin de ces manifestations nocturnes. Mais tous, \u00e0 l\u2019unanimit\u00e9, en avait gard\u00e9 des s\u00e9quelles psychologiques.<\/p>\n<p>Anne, une petite fille, douce et r\u00eaveuse, dont la maman n\u2019avait pas surv\u00e9cu \u00e0 sa naissance, avait \u00e9t\u00e9 prisonni\u00e8re de cauchemars chaque nuit depuis sa vision terrible d\u2019une vieille femme \u00e9dent\u00e9e. Anne avait beau raconter cette terrifiante apparition \u00e0 son papa et sa nourrice, aucun des deux, ni personne d\u2019autres d\u2019ailleurs, ne l\u2019avait cru. Elle s\u2019\u00e9tait donc r\u00e9fugi\u00e9e dans le mutisme le plus complet, une apathie la plus totale. Diagnostiqu\u00e9e par le m\u00e9decin de famille comme d\u00e9pressive chronique, elle \u00e9tait contrainte d\u2019avaler une tonne de pilules aux couleurs vives et aux effets toxiques. Elle ne s\u2019en \u00e9tait jamais remise et les circonstances de sa mort demeuraient un myst\u00e8re. \u00c9tendue raide dans son lit aux draps blancs immacul\u00e9s, baignant dans son sang rouge \u00e9carlate, Anne \u00e9tait d\u00e9sormais en paix.<\/p>\n<p>Aurore, une jeune femme dont toute la famille avait br\u00fbl\u00e9 vive lors d\u2019un incendie criminel, \u00e0 l\u2019occasion d\u2019une r\u00e9ception donn\u00e9e dans une ville voisine, avait \u00e9t\u00e9 retrouv\u00e9e pendue dans sa chambre par un beau matin de printemps. Elle tenait un journal intime depuis de nombreuses ann\u00e9es et sa gouvernante avait lu les quelques pages pr\u00e9c\u00e9dent la bouleversante trag\u00e9die. Elle faisait part des nombreuses visions qu\u2019elle avait eues durant la nuit et parfois m\u00eame en pleine journ\u00e9e. La peur avait grandie en elle jusqu\u2019\u00e0 devenir carr\u00e9ment insupportable.<\/p>\n<p>Ali\u00e9nor, jeune veuve et m\u00e8re combl\u00e9e de trois beaux enfants, \u00e9tait venue s\u2019installer dans le ch\u00e2teau du Val, qui appartenait \u00e0 la famille de son d\u00e9funt mari. Les premiers mois, les premi\u00e8res ann\u00e9es avaient \u00e9t\u00e9 formidables. Le bonheur retrouv\u00e9 pour cette famille touch\u00e9e par le destin. Et puis, subitement, suite aux visites nocturnes successives de choses mal\u00e9fiques aupr\u00e8s de chacun des membres habitant les lieux, la mort avait montr\u00e9 le bout de son nez. L\u2019a\u00een\u00e9 des enfants avait fait une chute mortelle \u00e0 cheval, le benjamin \u00e9tait tomb\u00e9 dans un puits, le cadet s\u2019\u00e9tait noy\u00e9, et la m\u00e8re, de d\u00e9sespoir, s\u2019\u00e9tait ouvert les veines.<\/p>\n<p>&nbsp;<\/p>\n","protected":false},"excerpt":{"rendered":"<p>Fusain, craie blanche \u2013 19 x 29 cm \u2013 Original Il \u00e9tait une fois un ch\u00e2teau fort du XIIIe si\u00e8cle. Une l\u00e9gende digne des films d\u2019horreur des ann\u00e9es \u2026 hantait litt\u00e9ralement les murs de cette vieille b\u00e2tisse, class\u00e9e monument historique.<\/p>\n","protected":false},"author":1,"featured_media":0,"comment_status":"open","ping_status":"open","sticky":false,"template":"","format":"standard","meta":[],"categories":[12],"tags":[],"_links":{"self":[{"href":"https:\/\/sidranne-artiste-peintre.fr\/index.php?rest_route=\/wp\/v2\/posts\/960"}],"collection":[{"href":"https:\/\/sidranne-artiste-peintre.fr\/index.php?rest_route=\/wp\/v2\/posts"}],"about":[{"href":"https:\/\/sidranne-artiste-peintre.fr\/index.php?rest_route=\/wp\/v2\/types\/post"}],"author":[{"embeddable":true,"href":"https:\/\/sidranne-artiste-peintre.fr\/index.php?rest_route=\/wp\/v2\/users\/1"}],"replies":[{"embeddable":true,"href":"https:\/\/sidranne-artiste-peintre.fr\/index.php?rest_route=%2Fwp%2Fv2%2Fcomments&post=960"}],"version-history":[{"count":1,"href":"https:\/\/sidranne-artiste-peintre.fr\/index.php?rest_route=\/wp\/v2\/posts\/960\/revisions"}],"predecessor-version":[{"id":962,"href":"https:\/\/sidranne-artiste-peintre.fr\/index.php?rest_route=\/wp\/v2\/posts\/960\/revisions\/962"}],"wp:attachment":[{"href":"https:\/\/sidranne-artiste-peintre.fr\/index.php?rest_route=%2Fwp%2Fv2%2Fmedia&parent=960"}],"wp:term":[{"taxonomy":"category","embeddable":true,"href":"https:\/\/sidranne-artiste-peintre.fr\/index.php?rest_route=%2Fwp%2Fv2%2Fcategories&post=960"},{"taxonomy":"post_tag","embeddable":true,"href":"https:\/\/sidranne-artiste-peintre.fr\/index.php?rest_route=%2Fwp%2Fv2%2Ftags&post=960"}],"curies":[{"name":"wp","href":"https:\/\/api.w.org\/{rel}","templated":true}]}}