{"id":981,"date":"2020-08-20T16:45:44","date_gmt":"2020-08-20T14:45:44","guid":{"rendered":"http:\/\/sidranne-artiste-peintre.fr\/?p=981"},"modified":"2022-09-22T16:50:04","modified_gmt":"2022-09-22T14:50:04","slug":"petite-soeur","status":"publish","type":"post","link":"https:\/\/sidranne-artiste-peintre.fr\/?p=981","title":{"rendered":"Petite s\u0153ur"},"content":{"rendered":"<p><img decoding=\"async\" loading=\"lazy\" class=\"size-medium wp-image-982 aligncenter\" src=\"http:\/\/sidranne-artiste-peintre.fr\/wp-content\/uploads\/2020\/08\/petite_soeur-240x300.jpg\" alt=\"\" width=\"240\" height=\"300\" srcset=\"https:\/\/sidranne-artiste-peintre.fr\/wp-content\/uploads\/2020\/08\/petite_soeur-240x300.jpg 240w, https:\/\/sidranne-artiste-peintre.fr\/wp-content\/uploads\/2020\/08\/petite_soeur-768x960.jpg 768w, https:\/\/sidranne-artiste-peintre.fr\/wp-content\/uploads\/2020\/08\/petite_soeur-700x875.jpg 700w, https:\/\/sidranne-artiste-peintre.fr\/wp-content\/uploads\/2020\/08\/petite_soeur-900x1125.jpg 900w, https:\/\/sidranne-artiste-peintre.fr\/wp-content\/uploads\/2020\/08\/petite_soeur-1280x1600.jpg 1280w\" sizes=\"(max-width: 240px) 100vw, 240px\" \/><\/p>\n<p><em>d\u2019apr\u00e8s Vermeer (1632 \u2013 1675) \u2013 La jeune fille \u00e0 la perle (vers 1665)\u00a0 \u2013 Huile sur toile \u2013 30 x 24 cm &#8211; <span style=\"color: #ff0000;\"><strong>VENDU<\/strong><\/span><br \/>\n<\/em><\/p>\n<p>Bonjour ma petite s\u0153ur \u2026<\/p>\n<p><!--more--><\/p>\n<p>Lorsque je repense \u00e0 ce dernier regard que tu m\u2019as lanc\u00e9 juste avant mon d\u00e9part, j\u2019en ai le sang glac\u00e9. Tu me semblais alors \u00e0 la fois m\u00e9lancolique et r\u00e9sign\u00e9e, \u00e0 la fois conqu\u00e9rante et perdue, \u00e0 la fois pr\u00e9sente et ailleurs. Ce n\u2019est que beaucoup plus tard que j\u2019ai compris \u2026<\/p>\n<p>Toutes ces ann\u00e9es partag\u00e9es \u00e0 tes c\u00f4t\u00e9s, ces disputes sans importance mais cruciales \u00e0 l\u2019\u00e9poque. Ces moments d\u2019intenses complicit\u00e9s, ces tendres c\u00e2lins lorsque tu pleurais toutes les larmes de ton corps, ces mots prononc\u00e9s pour t\u2019encourager \u00e0 laisser ton immense tristesse aux oubliettes. C\u2019est comme si en un seul regard tout \u00e9tait l\u00e0.<\/p>\n<p>Tous ces espoirs et d\u00e9sespoirs, ses malheurs et histoires de notre quotidien aupr\u00e8s de notre ch\u00e8re famille. Ces incompr\u00e9hensions mutuelles, ces non-dits perp\u00e9tuels, ces silences trop lourds \u00e0 porter ont rempli nos jeunes existences. Puis, un jour j\u2019ai d\u00e9cid\u00e9 de tout l\u00e2cher, de tout abandonner. J\u2019ai tant d\u00e9sir\u00e9 vivre \u00e0 partir de cet instant pr\u00e9cis. Cet instant pr\u00e9cis\u00e9ment o\u00f9 tout s\u2019est soudainement \u00e9clair\u00e9. Mais je n\u2019ai pu te d\u00e9voiler mes projets. Je t\u2019ai trahie, alors, mais c\u2019\u00e9tait pour mon bien, mon propre salut. C\u2019est comme si en un seul regard tout \u00e9tait l\u00e0.<\/p>\n<p>Toute cette haine, cet environnement toxique, cette emprise incroyable qui m\u2019ont submerg\u00e9e des ann\u00e9es durant, ne doivent d\u00e9sormais plus m\u2019affecter ni m\u2019envahir et encore moins faire partie de moi. Ce n\u2019est pas moi\u00a0? Ce n\u2019est pas qui je suis. Je tire un trait. Je ferme d\u00e9finitivement cette lourde porte, si lourde \u00e0 porter. Je d\u00e9sire vivre ma vie, enfin et plus que tout au monde. Mais j\u2019ai d\u00fb faire ce choix impossible, difficile, celui de te quitter d\u00e9finitivement. Je souhaite que tu me pardonnes un jour pour cette d\u00e9cision unilat\u00e9rale. Mais je suis certaine qu\u2019un jour \u2026 C\u2019est comme si en un seul regard tout \u00e9tait l\u00e0.<\/p>\n<p>Tout est possible d\u00e9sormais. Tout s\u2019ouvre enfin \u00e0 moi. Toute cette synchronicit\u00e9 magique, jusqu\u2019alors invisible ou presque, montre son vrai visage. Et tu sais quoi\u00a0? C\u2019est tellement formidable\u00a0!<\/p>\n<p>Lorsque je repense \u00e0 ce dernier regard que tu m\u2019as lanc\u00e9 juste avant mon d\u00e9part, j\u2019en ai le sang glac\u00e9. Tu me semblais alors \u00e0 la fois m\u00e9lancolique et r\u00e9sign\u00e9e, \u00e0 la fois conqu\u00e9rante et perdue, \u00e0 la fois pr\u00e9sente et ailleurs. Ce n\u2019est que beaucoup plus tard que j\u2019ai compris \u2026<\/p>\n<p>Adieu ma petite s\u0153ur \u2026<\/p>\n","protected":false},"excerpt":{"rendered":"<p>d\u2019apr\u00e8s Vermeer (1632 \u2013 1675) \u2013 La jeune fille \u00e0 la perle (vers 1665)\u00a0 \u2013 Huile sur toile \u2013 30 x 24 cm &#8211; VENDU Bonjour ma petite s\u0153ur \u2026<\/p>\n","protected":false},"author":1,"featured_media":0,"comment_status":"open","ping_status":"open","sticky":false,"template":"","format":"standard","meta":[],"categories":[9],"tags":[],"_links":{"self":[{"href":"https:\/\/sidranne-artiste-peintre.fr\/index.php?rest_route=\/wp\/v2\/posts\/981"}],"collection":[{"href":"https:\/\/sidranne-artiste-peintre.fr\/index.php?rest_route=\/wp\/v2\/posts"}],"about":[{"href":"https:\/\/sidranne-artiste-peintre.fr\/index.php?rest_route=\/wp\/v2\/types\/post"}],"author":[{"embeddable":true,"href":"https:\/\/sidranne-artiste-peintre.fr\/index.php?rest_route=\/wp\/v2\/users\/1"}],"replies":[{"embeddable":true,"href":"https:\/\/sidranne-artiste-peintre.fr\/index.php?rest_route=%2Fwp%2Fv2%2Fcomments&post=981"}],"version-history":[{"count":2,"href":"https:\/\/sidranne-artiste-peintre.fr\/index.php?rest_route=\/wp\/v2\/posts\/981\/revisions"}],"predecessor-version":[{"id":1454,"href":"https:\/\/sidranne-artiste-peintre.fr\/index.php?rest_route=\/wp\/v2\/posts\/981\/revisions\/1454"}],"wp:attachment":[{"href":"https:\/\/sidranne-artiste-peintre.fr\/index.php?rest_route=%2Fwp%2Fv2%2Fmedia&parent=981"}],"wp:term":[{"taxonomy":"category","embeddable":true,"href":"https:\/\/sidranne-artiste-peintre.fr\/index.php?rest_route=%2Fwp%2Fv2%2Fcategories&post=981"},{"taxonomy":"post_tag","embeddable":true,"href":"https:\/\/sidranne-artiste-peintre.fr\/index.php?rest_route=%2Fwp%2Fv2%2Ftags&post=981"}],"curies":[{"name":"wp","href":"https:\/\/api.w.org\/{rel}","templated":true}]}}