{"id":99,"date":"2017-06-28T19:51:26","date_gmt":"2017-06-28T17:51:26","guid":{"rendered":"http:\/\/sidranne-artiste-peintre.fr\/?p=99"},"modified":"2017-08-31T23:18:27","modified_gmt":"2017-08-31T21:18:27","slug":"heliot-au-havre","status":"publish","type":"post","link":"https:\/\/sidranne-artiste-peintre.fr\/?p=99","title":{"rendered":"Heliot au Havre"},"content":{"rendered":"<p><img decoding=\"async\" loading=\"lazy\" class=\"size-medium wp-image-100 aligncenter\" src=\"http:\/\/sidranne-artiste-peintre.fr\/wp-content\/uploads\/2017\/06\/Heliot-300x152.jpg\" alt=\"\" width=\"300\" height=\"152\" srcset=\"https:\/\/sidranne-artiste-peintre.fr\/wp-content\/uploads\/2017\/06\/Heliot-300x152.jpg 300w, https:\/\/sidranne-artiste-peintre.fr\/wp-content\/uploads\/2017\/06\/Heliot-768x390.jpg 768w, https:\/\/sidranne-artiste-peintre.fr\/wp-content\/uploads\/2017\/06\/Heliot-648x329.jpg 648w, https:\/\/sidranne-artiste-peintre.fr\/wp-content\/uploads\/2017\/06\/Heliot-378x192.jpg 378w, https:\/\/sidranne-artiste-peintre.fr\/wp-content\/uploads\/2017\/06\/Heliot.jpg 907w\" sizes=\"(max-width: 300px) 100vw, 300px\" \/><\/p>\n<p><em>d&#8217;apr\u00e8s Eug\u00e8ne Boudin (1824-1898) &#8211;\u00a0Pr\u00e8s des cabines\u00a0(1866) &#8211;\u00a0Mine de plomb\u00a0\/ Aquarelle &#8211; 12,2 x 24 cm<br \/>\n<\/em><\/p>\n<p>Ce mois de juillet au Havre est exquis, vraiment\u00a0! Un temps magnifique, avec alternance de ciel bleu et de nuage, accompagn\u00e9 de temp\u00e9ratures doucement estivales. Je redoutais de passer 4 semaines dans la chaleur \u00e9touffante de l\u2019\u00e9t\u00e9 avec tous les apr\u00e8s-midis \u00e0 la plage et les enfants qui hurlent, qui envoient du sable dans les yeux, qui bousculent. Sans oublier les soir\u00e9es interminables chez les uns, chez les autres avec des ap\u00e9ritifs qui n\u2019en finissent jamais ou plut\u00f4t si mais avec des coups de gueule ou des longues d\u00e9clarations, selon la quantit\u00e9 d\u2019alcool ingurgit\u00e9e. Non, \u00e7a c\u2019\u00e9tait l\u2019ann\u00e9e derni\u00e8re \u00e0 Antibes. Je hais la C\u00f4te d\u2019Azur\u00a0!<!--more-->L\u2019avantage de cette nouvelle destination c\u2019est que personne n\u2019a \u00e9t\u00e9 tent\u00e9 de suivre. On se retrouve donc juste nous, en famille restreinte, c\u2019est-\u00e0-dire sans les enfants, avec des soir\u00e9es scrabble avec une tisane ou des soir\u00e9es lecture avec Mozart en musique de fond. La classe\u00a0!<\/p>\n<p>Ce matin, Pierre m\u2019a ouvert la porte donnant sur le jardin. Je m\u2019y suis ru\u00e9 avec d\u00e9lectation J\u2019ai jou\u00e9 avec les oiseaux, j\u2019ai gratt\u00e9 un peu la terre, d\u00e9couvert des bulbes, tra\u00een\u00e9 ma longue carcasse sur la terrasse. Apr\u00e8s le d\u00e9jeuner, en principe, c\u2019est \u2026 Oui\u00a0! J\u2019avais raison, Isabelle a mis son chapeau, emport\u00e9 son panier en osier avec un thermos de th\u00e9 glac\u00e9, quelques madeleines au cassis sortant du four, le roman de l\u2019\u00e9t\u00e9 et le journal de Monsieur.<\/p>\n<p>Pas \u00e2me qui vive encore, ou presque. Le bonheur d\u2019une cabine en bord de mer tout \u00e0 la disposition du couple \u00e0 la retraite. Isabelle s\u2019organise. Elle sort les chaises pliantes, la petite table d\u2019appoint et s\u2019installe, un soupir de contentement lui \u00e9chappe au moment d\u2019ouvrir son livre et de reprendre sa lecture \u00e0 la page 69. Une histoire romanesque comme elle les aime avec des intrigues polici\u00e8res associ\u00e9es. Quotidiennement, devant un verre de sweet sherry, elle en fait le r\u00e9sum\u00e9 \u00e0 son mari qui l\u2019\u00e9coute d\u2019une oreille distraite mais affiche un air mi-amus\u00e9, mi-intrigu\u00e9. Et moi\u00a0? Eh bien j\u2019\u00e9coute attentivement, bougeant successivement les deux oreilles. Je suis tr\u00e8s friand ce ces instants-l\u00e0.<\/p>\n<p>Les heures passent vite, tr\u00e8s vite. Je suis rest\u00e9 impassiblement assis sur mon s\u00e9ant droit, \u00e0 quelques m\u00e8tres de la cabine \u00e0 guetter les mouettes. Tout \u00e0 coup, j\u2019entends \u00ab\u00a0Heliot\u00a0! Tu viens\u00a0?\u00a0\u00bb. Je me l\u00e8ve instantan\u00e9ment et rejoins mes ma\u00eetres en remuant la queue.<\/p>\n<p>&nbsp;<\/p>\n","protected":false},"excerpt":{"rendered":"<p>d&#8217;apr\u00e8s Eug\u00e8ne Boudin (1824-1898) &#8211;\u00a0Pr\u00e8s des cabines\u00a0(1866) &#8211;\u00a0Mine de plomb\u00a0\/ Aquarelle &#8211; 12,2 x 24 cm Ce mois de juillet au Havre est exquis, vraiment\u00a0! Un temps magnifique, avec alternance de ciel bleu et de nuage, accompagn\u00e9 de temp\u00e9ratures doucement estivales. Je redoutais de passer 4 semaines dans la chaleur \u00e9touffante de l\u2019\u00e9t\u00e9 avec tous [&hellip;]<\/p>\n","protected":false},"author":1,"featured_media":0,"comment_status":"open","ping_status":"open","sticky":false,"template":"","format":"standard","meta":[],"categories":[8],"tags":[],"_links":{"self":[{"href":"https:\/\/sidranne-artiste-peintre.fr\/index.php?rest_route=\/wp\/v2\/posts\/99"}],"collection":[{"href":"https:\/\/sidranne-artiste-peintre.fr\/index.php?rest_route=\/wp\/v2\/posts"}],"about":[{"href":"https:\/\/sidranne-artiste-peintre.fr\/index.php?rest_route=\/wp\/v2\/types\/post"}],"author":[{"embeddable":true,"href":"https:\/\/sidranne-artiste-peintre.fr\/index.php?rest_route=\/wp\/v2\/users\/1"}],"replies":[{"embeddable":true,"href":"https:\/\/sidranne-artiste-peintre.fr\/index.php?rest_route=%2Fwp%2Fv2%2Fcomments&post=99"}],"version-history":[{"count":7,"href":"https:\/\/sidranne-artiste-peintre.fr\/index.php?rest_route=\/wp\/v2\/posts\/99\/revisions"}],"predecessor-version":[{"id":283,"href":"https:\/\/sidranne-artiste-peintre.fr\/index.php?rest_route=\/wp\/v2\/posts\/99\/revisions\/283"}],"wp:attachment":[{"href":"https:\/\/sidranne-artiste-peintre.fr\/index.php?rest_route=%2Fwp%2Fv2%2Fmedia&parent=99"}],"wp:term":[{"taxonomy":"category","embeddable":true,"href":"https:\/\/sidranne-artiste-peintre.fr\/index.php?rest_route=%2Fwp%2Fv2%2Fcategories&post=99"},{"taxonomy":"post_tag","embeddable":true,"href":"https:\/\/sidranne-artiste-peintre.fr\/index.php?rest_route=%2Fwp%2Fv2%2Ftags&post=99"}],"curies":[{"name":"wp","href":"https:\/\/api.w.org\/{rel}","templated":true}]}}